{"id":820337,"date":"2025-04-06T21:41:38","date_gmt":"2025-04-06T19:41:38","guid":{"rendered":"https:\/\/www.albinfo.ch\/?p=820337"},"modified":"2025-04-06T21:41:38","modified_gmt":"2025-04-06T19:41:38","slug":"dua-lipa-offre-un-spectacle-enflamme-en-nouvelle-zelande","status":"publish","type":"post","link":"https:\/\/www.albinfo.at\/fr\/dua-lipa-offre-un-spectacle-enflamme-en-nouvelle-zelande\/","title":{"rendered":"Dua Lipa offre un spectacle enflamm\u00e9 en Nouvelle-Z\u00e9lande"},"content":{"rendered":"<p>La chanteuse d\u2019origine albanaise \u00e0 la renomm\u00e9e mondiale, Dua Lipa, a \u00e9lectris\u00e9 le public de la Spark Arena \u00e0 Auckland, en Nouvelle-Z\u00e9lande, transformant le stade en v\u00e9ritable bo\u00eete de nuit, rapporte <em><a href=\"http:\/\/albinfo.ch\">albinfo.ch<\/a><\/em>.<\/p>\n<p>Vendredi 4 avril, Dua Lipa a donn\u00e9 un nouveau concert \u00e0 Auckland, dans cette m\u00eame salle, poursuivant sa tourn\u00e9e avec une performance spectaculaire d\u00e8s le mercredi.<\/p>\n<p>Elle a livr\u00e9 un show incendiaire, captivant l\u2019attention du public d\u00e8s son apparition sur sc\u00e8ne dans sa premi\u00e8re tenue de la soir\u00e9e. Le concert a fascin\u00e9 aussi bien les jeunes que les plus \u00e2g\u00e9s, peut-on lire sur les r\u00e9seaux sociaux internationaux.<\/p>\n<p>\u00ab Ses concerts en Australie ont \u00e9t\u00e9 marqu\u00e9s par la pr\u00e9sence d\u2019invit\u00e9s sp\u00e9ciaux. Son \u2018ami\u2019, Troye Sivan, a partag\u00e9 un duo sur la chanson <em>Rush<\/em>. Kevin Parker est mont\u00e9 sur sc\u00e8ne pour une reprise de son groupe Tame Impala, <em>The Less I Know the Better<\/em> \u00bb, \u00e9crit\u00a0 RNZ. Angus Stone et Vance Joy ont \u00e9galement rejoint Dua Lipa sur sc\u00e8ne lors de ses repr\u00e9sentations de l\u2019autre c\u00f4t\u00e9 du d\u00e9troit.<\/p>\n","protected":false},"excerpt":{"rendered":"<p>La chanteuse d\u2019origine albanaise \u00e0 la renomm\u00e9e mondiale, Dua Lipa, a \u00e9lectris\u00e9 le public de la Spark Arena \u00e0 Auckland, en Nouvelle-Z\u00e9lande, transformant le stade en v\u00e9ritable bo\u00eete de nuit, rapporte albinfo.ch. Vendredi 4 avril, Dua Lipa a donn\u00e9 un nouveau concert \u00e0 Auckland, dans cette m\u00eame salle, poursuivant sa tourn\u00e9e avec une performance spectaculaire [&hellip;]<\/p>\n","protected":false},"author":6,"featured_media":819129,"comment_status":"closed","ping_status":"closed","sticky":false,"template":"","format":"standard","meta":{"footnotes":""},"categories":[24660,24630,1168],"tags":[],"vendi":[],"content_country":[31835,31838,31840],"class_list":["post-820337","post","type-post","status-publish","format-standard","has-post-thumbnail","hentry","category-la-musique","category-nouvelles","category-culture","content_country-austria-fr","content_country-germany-fr","content_country-zvicer-fr"],"acf":[],"_links":{"self":[{"href":"https:\/\/www.albinfo.at\/fr\/wp-json\/wp\/v2\/posts\/820337","targetHints":{"allow":["GET"]}}],"collection":[{"href":"https:\/\/www.albinfo.at\/fr\/wp-json\/wp\/v2\/posts"}],"about":[{"href":"https:\/\/www.albinfo.at\/fr\/wp-json\/wp\/v2\/types\/post"}],"author":[{"embeddable":true,"href":"https:\/\/www.albinfo.at\/fr\/wp-json\/wp\/v2\/users\/6"}],"replies":[{"embeddable":true,"href":"https:\/\/www.albinfo.at\/fr\/wp-json\/wp\/v2\/comments?post=820337"}],"version-history":[{"count":1,"href":"https:\/\/www.albinfo.at\/fr\/wp-json\/wp\/v2\/posts\/820337\/revisions"}],"predecessor-version":[{"id":820338,"href":"https:\/\/www.albinfo.at\/fr\/wp-json\/wp\/v2\/posts\/820337\/revisions\/820338"}],"wp:featuredmedia":[{"embeddable":true,"href":"https:\/\/www.albinfo.at\/fr\/wp-json\/wp\/v2\/media\/819129"}],"wp:attachment":[{"href":"https:\/\/www.albinfo.at\/fr\/wp-json\/wp\/v2\/media?parent=820337"}],"wp:term":[{"taxonomy":"category","embeddable":true,"href":"https:\/\/www.albinfo.at\/fr\/wp-json\/wp\/v2\/categories?post=820337"},{"taxonomy":"post_tag","embeddable":true,"href":"https:\/\/www.albinfo.at\/fr\/wp-json\/wp\/v2\/tags?post=820337"},{"taxonomy":"vendi","embeddable":true,"href":"https:\/\/www.albinfo.at\/fr\/wp-json\/wp\/v2\/vendi?post=820337"},{"taxonomy":"content_country","embeddable":true,"href":"https:\/\/www.albinfo.at\/fr\/wp-json\/wp\/v2\/content_country?post=820337"}],"curies":[{"name":"wp","href":"https:\/\/api.w.org\/{rel}","templated":true}]}}