{"id":816509,"date":"2025-03-23T02:29:12","date_gmt":"2025-03-23T01:29:12","guid":{"rendered":"https:\/\/www.albinfo.ch\/?p=816509"},"modified":"2025-03-23T02:29:56","modified_gmt":"2025-03-23T01:29:56","slug":"mesures-pour-la-protection-des-salaires","status":"publish","type":"post","link":"https:\/\/www.albinfo.at\/fr\/mesures-pour-la-protection-des-salaires\/","title":{"rendered":"Mesures pour la protection des salaires"},"content":{"rendered":"<p>Le Conseil f\u00e9d\u00e9ral propose 14 mesures pour prot\u00e9ger les salaires en Suisse. Les partenaires sociaux et les cantons se sont d\u00e9j\u00e0 mis d&#8217;accord sur la plupart d&#8217;entre elles. Les mesures concernent avant tout les entreprises europ\u00e9ennes qui envoient des travailleurs en Suisse pour une p\u00e9riode d\u00e9termin\u00e9e.<\/p>\n<p>&nbsp;<\/p>\n<p>Vous trouverez ce communiqu\u00e9 de presse et d\u2019autres informations sur ce th\u00e8me sur le site web de ADMIN (voir le lien ci-dessous)<\/p>\n<ul>\n<li><a class=\"icon icon--after icon--external\" title=\"\" href=\"https:\/\/youtube.com\/live\/hVcbYDkifLA\" target=\"_blank\" rel=\"noopener\">Salaires: conf\u00e9rence de presse<\/a><\/li>\n<li><a class=\"icon icon--after icon--external\" title=\"\" href=\"https:\/\/www.admin.ch\/gov\/fr\/accueil\/documentation\/communiques.msg-id-104603.html\" target=\"_blank\" rel=\"noopener\">Salaires: communiqu\u00e9<\/a><\/li>\n<\/ul>\n","protected":false},"excerpt":{"rendered":"<p>Le Conseil f\u00e9d\u00e9ral propose 14 mesures pour prot\u00e9ger les salaires en Suisse. Les partenaires sociaux et les cantons se sont d\u00e9j\u00e0 mis d&#8217;accord sur la plupart d&#8217;entre elles. Les mesures concernent avant tout les entreprises europ\u00e9ennes qui envoient des travailleurs en Suisse pour une p\u00e9riode d\u00e9termin\u00e9e. &nbsp; Vous trouverez ce communiqu\u00e9 de presse et d\u2019autres [&hellip;]<\/p>\n","protected":false},"author":6,"featured_media":730534,"comment_status":"closed","ping_status":"closed","sticky":false,"template":"","format":"standard","meta":{"footnotes":""},"categories":[1187,8183,19748,1170],"tags":[],"vendi":[],"content_country":[],"class_list":["post-816509","post","type-post","status-publish","format-standard","has-post-thumbnail","hentry","category-breves","category-finances-fr","category-economie","category-vivre-en-suisse"],"acf":[],"_links":{"self":[{"href":"https:\/\/www.albinfo.at\/fr\/wp-json\/wp\/v2\/posts\/816509","targetHints":{"allow":["GET"]}}],"collection":[{"href":"https:\/\/www.albinfo.at\/fr\/wp-json\/wp\/v2\/posts"}],"about":[{"href":"https:\/\/www.albinfo.at\/fr\/wp-json\/wp\/v2\/types\/post"}],"author":[{"embeddable":true,"href":"https:\/\/www.albinfo.at\/fr\/wp-json\/wp\/v2\/users\/6"}],"replies":[{"embeddable":true,"href":"https:\/\/www.albinfo.at\/fr\/wp-json\/wp\/v2\/comments?post=816509"}],"version-history":[{"count":1,"href":"https:\/\/www.albinfo.at\/fr\/wp-json\/wp\/v2\/posts\/816509\/revisions"}],"predecessor-version":[{"id":816510,"href":"https:\/\/www.albinfo.at\/fr\/wp-json\/wp\/v2\/posts\/816509\/revisions\/816510"}],"wp:featuredmedia":[{"embeddable":true,"href":"https:\/\/www.albinfo.at\/fr\/wp-json\/wp\/v2\/media\/730534"}],"wp:attachment":[{"href":"https:\/\/www.albinfo.at\/fr\/wp-json\/wp\/v2\/media?parent=816509"}],"wp:term":[{"taxonomy":"category","embeddable":true,"href":"https:\/\/www.albinfo.at\/fr\/wp-json\/wp\/v2\/categories?post=816509"},{"taxonomy":"post_tag","embeddable":true,"href":"https:\/\/www.albinfo.at\/fr\/wp-json\/wp\/v2\/tags?post=816509"},{"taxonomy":"vendi","embeddable":true,"href":"https:\/\/www.albinfo.at\/fr\/wp-json\/wp\/v2\/vendi?post=816509"},{"taxonomy":"content_country","embeddable":true,"href":"https:\/\/www.albinfo.at\/fr\/wp-json\/wp\/v2\/content_country?post=816509"}],"curies":[{"name":"wp","href":"https:\/\/api.w.org\/{rel}","templated":true}]}}