{"id":80007,"date":"2015-04-13T18:26:10","date_gmt":"2015-04-13T16:26:10","guid":{"rendered":"http:\/\/www.albinfo.ch\/?p=80007"},"modified":"2015-04-15T10:04:26","modified_gmt":"2015-04-15T08:04:26","slug":"kosova-e-shqiperia-pagat-me-te-uleta-ne-rajon-2-2","status":"publish","type":"post","link":"https:\/\/www.albinfo.at\/fr\/kosova-e-shqiperia-pagat-me-te-uleta-ne-rajon-2-2\/","title":{"rendered":"Le Kosovo et l&#8217;Albanie, les salaires les plus bas de la r\u00e9gion"},"content":{"rendered":"<p>\u00c0 la diff\u00e9rence des autres pays des Balkans, l\u2019Albanie et le Kosovo appliquent le salaire minimum le plus bas \u00e0 l&#8217;encontre de leurs salari\u00e9s. Selon les donn\u00e9es de l\u2019agence de statistiques \u00ab Open Data Albania \u00bb, ces deux pays n\u2019appliquent pas plus de 200 \u20ac de salaire minimum, se pla\u00e7ant en dessous de la Bulgarie.<\/p>\n<p>\u00ab L\u2019Albanie applique un salaire minimum de 22,000 Lek par mois depuis juillet 2013, c\u2019est l\u2019\u00e9quivalent de 157 euros. Mais ce salaire n\u2019est pas le minimum, tenant compte des cotisations d\u2019assurances sociales et m\u00e9dicale \u00bb selon le rapport de ODA.<\/p>\n<p>Les pays europ\u00e9ens de la r\u00e9gion ont hauss\u00e9 la barre du salaire minimum \u00e0 plus de 300 \u20ac par mois, \u00e0 l\u2019exception de la Bulgarie, qui applique un salaire minimum mensuel de 184 euros.<\/p>\n<p>L\u2019Albanie, selon le m\u00eame rapport, a mis en place deux standards de salaire minimum.<\/p>\n<p>\u00ab Jusqu\u2019au 31 juillet 2014, le salaire minimum comprenant les assurances maladie et sociales s\u2019est mont\u00e9 \u00e0 19,026 Lek par mois. Cependant, \u00e0 partir du 1er aout 2014, ce salaire a \u00e9t\u00e9 hauss\u00e9 \u00e0 19,406 Lek par mois. Le 1er janvier 2015, le salaire minimum mensuel brut est de 22 000 Lek \u00bb analyse Open Data Albania.<\/p>\n<p>Selon les donn\u00e9es, l\u2019Albanie applique un salaire minimum inf\u00e9rieur aux autres pays de la r\u00e9gion, \u00e0 l\u2019exception du Kosovo, o\u00f9 le salaire minimum d\u00e9pend de l\u2019\u00e2ge du salari\u00e9. En effet, pour les l\u2019employ\u00e9s jusqu\u2019\u00e0 35 ans, le salaire minimum est de 130 \u20ac par mois, et il est de 170 \u20ac par mois pour ceux entre 35-65 ans.<\/p>\n<p>Par ailleurs, c\u2019est le Luxembourg qui propose le salaire minimum le plus \u00e9lev\u00e9, qui est de 1923 \u20ac. Depuis le 1er janvier 2015, l\u2019Allemagne a pour la premi\u00e8re fois mis en place le concept du salaire minimum, qui se monte \u00e0 1473 \u20ac par mois. Les autres \u00e9tats tels que l\u2019Italie, l\u2019Autriche, le Danemark, la Finlande, la Su\u00e8de, la Suisse, Chypre, l\u2019Islande et la Norv\u00e8ge, selon ODA, n\u2019appliquent pas de salaire minimum.<\/p>\n","protected":false},"excerpt":{"rendered":"<p>Selon les donn\u00e9es de &#8220;Open Data Albania&#8221;, le salaire minimum de ces deux pays ne se monte qu&#8217;\u00e0 200 \u20ac.<\/p>\n","protected":false},"author":19,"featured_media":79853,"comment_status":"open","ping_status":"open","sticky":false,"template":"","format":"standard","meta":{"footnotes":""},"categories":[1160,1159],"tags":[],"vendi":[],"content_country":[],"class_list":["post-80007","post","type-post","status-publish","format-standard","has-post-thumbnail","hentry","category-actuel","category-ch-balkans"],"acf":[],"_links":{"self":[{"href":"https:\/\/www.albinfo.at\/fr\/wp-json\/wp\/v2\/posts\/80007","targetHints":{"allow":["GET"]}}],"collection":[{"href":"https:\/\/www.albinfo.at\/fr\/wp-json\/wp\/v2\/posts"}],"about":[{"href":"https:\/\/www.albinfo.at\/fr\/wp-json\/wp\/v2\/types\/post"}],"author":[{"embeddable":true,"href":"https:\/\/www.albinfo.at\/fr\/wp-json\/wp\/v2\/users\/19"}],"replies":[{"embeddable":true,"href":"https:\/\/www.albinfo.at\/fr\/wp-json\/wp\/v2\/comments?post=80007"}],"version-history":[{"count":0,"href":"https:\/\/www.albinfo.at\/fr\/wp-json\/wp\/v2\/posts\/80007\/revisions"}],"wp:featuredmedia":[{"embeddable":true,"href":"https:\/\/www.albinfo.at\/fr\/wp-json\/wp\/v2\/media\/79853"}],"wp:attachment":[{"href":"https:\/\/www.albinfo.at\/fr\/wp-json\/wp\/v2\/media?parent=80007"}],"wp:term":[{"taxonomy":"category","embeddable":true,"href":"https:\/\/www.albinfo.at\/fr\/wp-json\/wp\/v2\/categories?post=80007"},{"taxonomy":"post_tag","embeddable":true,"href":"https:\/\/www.albinfo.at\/fr\/wp-json\/wp\/v2\/tags?post=80007"},{"taxonomy":"vendi","embeddable":true,"href":"https:\/\/www.albinfo.at\/fr\/wp-json\/wp\/v2\/vendi?post=80007"},{"taxonomy":"content_country","embeddable":true,"href":"https:\/\/www.albinfo.at\/fr\/wp-json\/wp\/v2\/content_country?post=80007"}],"curies":[{"name":"wp","href":"https:\/\/api.w.org\/{rel}","templated":true}]}}