{"id":799178,"date":"2025-01-15T22:36:02","date_gmt":"2025-01-15T21:36:02","guid":{"rendered":"https:\/\/www.albinfo.ch\/?p=799178"},"modified":"2025-01-15T22:37:26","modified_gmt":"2025-01-15T21:37:26","slug":"viola-amherd-va-quittter-le-conseil-federal","status":"publish","type":"post","link":"https:\/\/www.albinfo.at\/fr\/viola-amherd-va-quittter-le-conseil-federal\/","title":{"rendered":"Viola Amherd va quittter le Conseil f\u00e9d\u00e9ral"},"content":{"rendered":"<p>La conseill\u00e8re f\u00e9d\u00e9rale Viola Amherd a donn\u00e9 sa d\u00e9mission du gouvernement pour fin mars.\u00a0 L&#8217;Assembl\u00e9e f\u00e9d\u00e9rale \u00e9lira la personne qui lui succ\u00e9dera.<\/p>\n<p><iframe loading=\"lazy\" title=\"15.01.2025 - BR Amherd zu Weiterentwicklung des Dienstpflichtsystems und R\u00fccktritt\" width=\"587\" height=\"330\" src=\"https:\/\/www.youtube.com\/embed\/MRV8xshwaP0?feature=oembed\" frameborder=\"0\" allow=\"accelerometer; autoplay; clipboard-write; encrypted-media; gyroscope; picture-in-picture; web-share\" referrerpolicy=\"strict-origin-when-cross-origin\" allowfullscreen><\/iframe><\/p>\n<ul>\n<li><a href=\"https:\/\/www.admin.ch\/gov\/fr\/accueil\/departements\/departement-defense-protection-population-sports.html\">Viola Amherd: portrait<\/a><\/li>\n<\/ul>\n<p>&nbsp;<\/p>\n","protected":false},"excerpt":{"rendered":"<p>La conseill\u00e8re f\u00e9d\u00e9rale Viola Amherd a donn\u00e9 sa d\u00e9mission du gouvernement pour fin mars.\u00a0 L&#8217;Assembl\u00e9e f\u00e9d\u00e9rale \u00e9lira la personne qui lui succ\u00e9dera. Viola Amherd: portrait &nbsp;<\/p>\n","protected":false},"author":6,"featured_media":417393,"comment_status":"closed","ping_status":"closed","sticky":false,"template":"","format":"standard","meta":{"footnotes":""},"categories":[1187,18826,24630,1170],"tags":[],"vendi":[],"content_country":[31835,31838,31840],"class_list":["post-799178","post","type-post","status-publish","format-standard","has-post-thumbnail","hentry","category-breves","category-lajme-jeta-ne-zvicer-fr","category-nouvelles","category-vivre-en-suisse","content_country-austria-fr","content_country-germany-fr","content_country-zvicer-fr"],"acf":[],"_links":{"self":[{"href":"https:\/\/www.albinfo.at\/fr\/wp-json\/wp\/v2\/posts\/799178","targetHints":{"allow":["GET"]}}],"collection":[{"href":"https:\/\/www.albinfo.at\/fr\/wp-json\/wp\/v2\/posts"}],"about":[{"href":"https:\/\/www.albinfo.at\/fr\/wp-json\/wp\/v2\/types\/post"}],"author":[{"embeddable":true,"href":"https:\/\/www.albinfo.at\/fr\/wp-json\/wp\/v2\/users\/6"}],"replies":[{"embeddable":true,"href":"https:\/\/www.albinfo.at\/fr\/wp-json\/wp\/v2\/comments?post=799178"}],"version-history":[{"count":1,"href":"https:\/\/www.albinfo.at\/fr\/wp-json\/wp\/v2\/posts\/799178\/revisions"}],"predecessor-version":[{"id":799179,"href":"https:\/\/www.albinfo.at\/fr\/wp-json\/wp\/v2\/posts\/799178\/revisions\/799179"}],"wp:featuredmedia":[{"embeddable":true,"href":"https:\/\/www.albinfo.at\/fr\/wp-json\/wp\/v2\/media\/417393"}],"wp:attachment":[{"href":"https:\/\/www.albinfo.at\/fr\/wp-json\/wp\/v2\/media?parent=799178"}],"wp:term":[{"taxonomy":"category","embeddable":true,"href":"https:\/\/www.albinfo.at\/fr\/wp-json\/wp\/v2\/categories?post=799178"},{"taxonomy":"post_tag","embeddable":true,"href":"https:\/\/www.albinfo.at\/fr\/wp-json\/wp\/v2\/tags?post=799178"},{"taxonomy":"vendi","embeddable":true,"href":"https:\/\/www.albinfo.at\/fr\/wp-json\/wp\/v2\/vendi?post=799178"},{"taxonomy":"content_country","embeddable":true,"href":"https:\/\/www.albinfo.at\/fr\/wp-json\/wp\/v2\/content_country?post=799178"}],"curies":[{"name":"wp","href":"https:\/\/api.w.org\/{rel}","templated":true}]}}