{"id":797772,"date":"2025-01-08T14:12:17","date_gmt":"2025-01-08T13:12:17","guid":{"rendered":"https:\/\/www.albinfo.ch\/?p=797772"},"modified":"2025-01-08T14:12:17","modified_gmt":"2025-01-08T13:12:17","slug":"le-depute-du-parlement-suisse-islam-aliaj-obtient-un-passeport-kosovar","status":"publish","type":"post","link":"https:\/\/www.albinfo.at\/fr\/le-depute-du-parlement-suisse-islam-aliaj-obtient-un-passeport-kosovar\/","title":{"rendered":"Le d\u00e9put\u00e9 du Parlement suisse Islam Aliaj obtient un passeport kosovar"},"content":{"rendered":"<p>Le consul du Kosovo \u00e0 Zurich, Vigan Berisha, a annonc\u00e9 qu&#8217;en ce d\u00e9but d&#8217;ann\u00e9e, le d\u00e9put\u00e9 du Parlement suisse Islam Aliaj s&#8217;est rendu au consulat de la R\u00e9publique du Kosovo \u00e0 Zurich pour obtenir son premier passeport kosovar.<\/p>\n<p>Dans un message publi\u00e9 sur Facebook, M. Berisha a d\u00e9clar\u00e9 que cet \u00e9v\u00e9nement souligne le r\u00f4le de la diaspora dans le renforcement des relations entre le Kosovo et la Suisse, rapporte <a href=\"http:\/\/albinfo.ch\">albinfo.ch<\/a>.<\/p>\n<p>&#8220;En ce d\u00e9but d&#8217;ann\u00e9e, au consulat de la R\u00e9publique du Kosovo \u00e0 Zurich, nous avons eu le plaisir d&#8217;accueillir le d\u00e9put\u00e9 du Parlement suisse, M. Islam Aliaj, qui a obtenu pour la premi\u00e8re fois le passeport de la R\u00e9publique du Kosovo. Ce moment symbolique souligne le r\u00f4le important de notre diaspora dans le renforcement des relations entre le Kosovo et la Suisse, refl\u00e9tant nos valeurs et nos liens communs&#8221;, a-t-il \u00e9crit.<\/p>\n","protected":false},"excerpt":{"rendered":"<p>Le consul du Kosovo \u00e0 Zurich, Vigan Berisha, a annonc\u00e9 qu&#8217;en ce d\u00e9but d&#8217;ann\u00e9e, le d\u00e9put\u00e9 du Parlement suisse Islam Aliaj s&#8217;est rendu au consulat de la R\u00e9publique du Kosovo \u00e0 Zurich pour obtenir son premier passeport kosovar. Dans un message publi\u00e9 sur Facebook, M. Berisha a d\u00e9clar\u00e9 que cet \u00e9v\u00e9nement souligne le r\u00f4le de [&hellip;]<\/p>\n","protected":false},"author":6,"featured_media":797493,"comment_status":"closed","ping_status":"closed","sticky":false,"template":"","format":"standard","meta":{"footnotes":""},"categories":[33083,23271,24637,1164,1160,3949,23277,23270,24620,24630,24634,1159,1163,1186,1411,2014],"tags":[],"vendi":[],"content_country":[31835,31838,31840],"class_list":["post-797772","post","type-post","status-publish","format-standard","has-post-thumbnail","hentry","category-de-balkani-fr","category-kosovo","category-nouvelles-fr-4","category-integration-fr","category-actuel","category-kosova-fr","category-news-fr","category-at-balkani-fr","category-kosova-fr-2","category-nouvelles","category-nouvelles-fr-3","category-ch-balkans","category-fr-e-diaspora","category-couverture-de-terrain","category-newsletter-fr","category-newsletter-media-fr","content_country-austria-fr","content_country-germany-fr","content_country-zvicer-fr"],"acf":[],"_links":{"self":[{"href":"https:\/\/www.albinfo.at\/fr\/wp-json\/wp\/v2\/posts\/797772","targetHints":{"allow":["GET"]}}],"collection":[{"href":"https:\/\/www.albinfo.at\/fr\/wp-json\/wp\/v2\/posts"}],"about":[{"href":"https:\/\/www.albinfo.at\/fr\/wp-json\/wp\/v2\/types\/post"}],"author":[{"embeddable":true,"href":"https:\/\/www.albinfo.at\/fr\/wp-json\/wp\/v2\/users\/6"}],"replies":[{"embeddable":true,"href":"https:\/\/www.albinfo.at\/fr\/wp-json\/wp\/v2\/comments?post=797772"}],"version-history":[{"count":1,"href":"https:\/\/www.albinfo.at\/fr\/wp-json\/wp\/v2\/posts\/797772\/revisions"}],"predecessor-version":[{"id":797773,"href":"https:\/\/www.albinfo.at\/fr\/wp-json\/wp\/v2\/posts\/797772\/revisions\/797773"}],"wp:featuredmedia":[{"embeddable":true,"href":"https:\/\/www.albinfo.at\/fr\/wp-json\/wp\/v2\/media\/797493"}],"wp:attachment":[{"href":"https:\/\/www.albinfo.at\/fr\/wp-json\/wp\/v2\/media?parent=797772"}],"wp:term":[{"taxonomy":"category","embeddable":true,"href":"https:\/\/www.albinfo.at\/fr\/wp-json\/wp\/v2\/categories?post=797772"},{"taxonomy":"post_tag","embeddable":true,"href":"https:\/\/www.albinfo.at\/fr\/wp-json\/wp\/v2\/tags?post=797772"},{"taxonomy":"vendi","embeddable":true,"href":"https:\/\/www.albinfo.at\/fr\/wp-json\/wp\/v2\/vendi?post=797772"},{"taxonomy":"content_country","embeddable":true,"href":"https:\/\/www.albinfo.at\/fr\/wp-json\/wp\/v2\/content_country?post=797772"}],"curies":[{"name":"wp","href":"https:\/\/api.w.org\/{rel}","templated":true}]}}