{"id":793206,"date":"2024-12-19T19:13:49","date_gmt":"2024-12-19T18:13:49","guid":{"rendered":"https:\/\/www.albinfo.ch\/?p=793206"},"modified":"2024-12-19T19:17:59","modified_gmt":"2024-12-19T18:17:59","slug":"visite-du-chef-de-larmee-a-la-troupe-suisse-au-kosovo-et-en-bosnie-et-herzegovine","status":"publish","type":"post","link":"https:\/\/www.albinfo.at\/fr\/visite-du-chef-de-larmee-a-la-troupe-suisse-au-kosovo-et-en-bosnie-et-herzegovine\/","title":{"rendered":"Visite du chef de l\u2019Arm\u00e9e \u00e0 la troupe suisse au Kosovo et en Bosnie-et-Herz\u00e9govine"},"content":{"rendered":"<div class=\"contentHead\"><strong>Les 19 et 20 d\u00e9cembre 2024, le commandant de corps Thomas S\u00fcssli, chef de l\u2019Arm\u00e9e, se rend au Kosovo et en Bosnie-et-Herz\u00e9govine pour une visite \u00e0 la troupe suisse contribuant aux op\u00e9rations de promotion militaire de la paix. A cette occasion, il rencontrera \u00e9galement le commandant de la Kosovo Force (KFOR).<\/strong><\/div>\n<div class=\"mod mod-nsbnewsdetails\">\n<p>Lors de sa visite \u00e0 la troupe, le chef de l\u2019Arm\u00e9e entend s\u2019entretenir avec les militaires suisses qui y sont d\u00e9ploy\u00e9s et recueillir des impressions sur les diverses prestations fournies en faveur de la Kosovo Force (KFOR). Un entretien bilat\u00e9ral avec le commandant de la KFOR, le major-g\u00e9n\u00e9ral Enrico Barduani des forces arm\u00e9es italiennes, est pr\u00e9vu \u00e0 cette occasion. Le mandat de l&#8217;Arm\u00e9e suisse au profit de la KFOR a \u00e9t\u00e9 renouvel\u00e9 en 2023 et court jusqu&#8217;\u00e0 la fin de l&#8217;ann\u00e9e 2026.<\/p>\n<p>Le chef de l\u2019Arm\u00e9e se rendra ensuite en Bosnie et Herz\u00e9govine afin d&#8217;obtenir un aper\u00e7u de la situation qui pr\u00e9vaut dans la r\u00e9gion. Il y rencontrera les militaires suisses de la mission Althea de la Force de l\u2019Union europ\u00e9enne (EUFOR).<\/p>\n<p>Le chef de l\u2019Arm\u00e9e sera accompagn\u00e9 par le Landesf\u00e4hnrich Jakob Signer (AI) et par la conseill\u00e8re d&#8217;\u00c9tat Katrin Alder (AR), respectivement pr\u00e9sident et membre du comit\u00e9 de la Conf\u00e9rence gouvernementale des affaires militaires, de la protection civile et des sapeurs-pompiers (CG MPS) ainsi que par le d\u00e9put\u00e9 au Grand conseil bernois Francesco Rappa. Des repr\u00e9sentants de l\u2019Arm\u00e9e seront aussi pr\u00e9sents.<\/p>\n<p>La promotion militaire de la paix dans le cadre d\u2019op\u00e9rations multinationales est l\u2019une des trois missions de l\u2019Arm\u00e9e suisse. Actuellement, pr\u00e8s de 300 femmes et hommes des rangs les plus divers sont engag\u00e9s dans plus de 15 pays en faveur de la paix.<\/p>\n<\/div>\n","protected":false},"excerpt":{"rendered":"<p>A cette occasion, il rencontrera \u00e9galement le commandant de la Kosovo Force (KFOR)<\/p>\n","protected":false},"author":4,"featured_media":557449,"comment_status":"closed","ping_status":"closed","sticky":false,"template":"","format":"standard","meta":{"footnotes":""},"categories":[24643,1187,24620,1159,1170],"tags":[],"vendi":[],"content_country":[31835,31838,31840],"class_list":["post-793206","post","type-post","status-publish","format-standard","has-post-thumbnail","hentry","category-autres-fr-3","category-breves","category-kosova-fr-2","category-ch-balkans","category-vivre-en-suisse","content_country-austria-fr","content_country-germany-fr","content_country-zvicer-fr"],"acf":[],"_links":{"self":[{"href":"https:\/\/www.albinfo.at\/fr\/wp-json\/wp\/v2\/posts\/793206","targetHints":{"allow":["GET"]}}],"collection":[{"href":"https:\/\/www.albinfo.at\/fr\/wp-json\/wp\/v2\/posts"}],"about":[{"href":"https:\/\/www.albinfo.at\/fr\/wp-json\/wp\/v2\/types\/post"}],"author":[{"embeddable":true,"href":"https:\/\/www.albinfo.at\/fr\/wp-json\/wp\/v2\/users\/4"}],"replies":[{"embeddable":true,"href":"https:\/\/www.albinfo.at\/fr\/wp-json\/wp\/v2\/comments?post=793206"}],"version-history":[{"count":2,"href":"https:\/\/www.albinfo.at\/fr\/wp-json\/wp\/v2\/posts\/793206\/revisions"}],"predecessor-version":[{"id":793210,"href":"https:\/\/www.albinfo.at\/fr\/wp-json\/wp\/v2\/posts\/793206\/revisions\/793210"}],"wp:featuredmedia":[{"embeddable":true,"href":"https:\/\/www.albinfo.at\/fr\/wp-json\/wp\/v2\/media\/557449"}],"wp:attachment":[{"href":"https:\/\/www.albinfo.at\/fr\/wp-json\/wp\/v2\/media?parent=793206"}],"wp:term":[{"taxonomy":"category","embeddable":true,"href":"https:\/\/www.albinfo.at\/fr\/wp-json\/wp\/v2\/categories?post=793206"},{"taxonomy":"post_tag","embeddable":true,"href":"https:\/\/www.albinfo.at\/fr\/wp-json\/wp\/v2\/tags?post=793206"},{"taxonomy":"vendi","embeddable":true,"href":"https:\/\/www.albinfo.at\/fr\/wp-json\/wp\/v2\/vendi?post=793206"},{"taxonomy":"content_country","embeddable":true,"href":"https:\/\/www.albinfo.at\/fr\/wp-json\/wp\/v2\/content_country?post=793206"}],"curies":[{"name":"wp","href":"https:\/\/api.w.org\/{rel}","templated":true}]}}