{"id":78775,"date":"2015-03-30T08:50:25","date_gmt":"2015-03-30T07:50:25","guid":{"rendered":"http:\/\/www.albinfo.ch\/?p=78775"},"modified":"2015-05-15T12:58:39","modified_gmt":"2015-05-15T10:58:39","slug":"play-diversite-partager-la-video-commander-en-dvd-les-roms-entre-fantasmes-et-realites","status":"publish","type":"post","link":"https:\/\/www.albinfo.at\/fr\/play-diversite-partager-la-video-commander-en-dvd-les-roms-entre-fantasmes-et-realites\/","title":{"rendered":"Roms, entre fantasmes et r\u00e9alit\u00e9s"},"content":{"rendered":"<p>Diversit\u00e9 de penche sur les populations roms afin de mieux les conna\u00eetre et peut-\u00eatre aussi de mieux les comprendre. Pourquoi les populations roms sont-elles mal per\u00e7ues? Qui sont ces mendiants roms que l&#8217;on voit dans nos rues? Les connait-on vraiment? Comment vivent-ils l\u2019image qu\u2019on projette sur eux?<\/p>\n<p><iframe loading=\"lazy\" src=\"http:\/\/www.latele.ch\/embed?i=52679\" width=\"560\" height=\"315\" frameborder=\"0\" scrolling=\"no\"><\/iframe><\/p>\n","protected":false},"excerpt":{"rendered":"<p>Diversit\u00e9 de penche sur les populations roms afin de mieux les conna\u00eetre et peut-\u00eatre aussi de mieux les comprendre. Pourquoi les populations roms sont-elles mal per\u00e7ues? Qui sont ces mendiants roms que l&#8217;on voit dans nos rues? Les connait-on vraiment? Comment vivent-ils l\u2019image qu\u2019on projette sur eux?<\/p>\n","protected":false},"author":10,"featured_media":78777,"comment_status":"open","ping_status":"open","sticky":false,"template":"","format":"standard","meta":{"footnotes":""},"categories":[1180,1179],"tags":[],"vendi":[],"content_country":[],"class_list":["post-78775","post","type-post","status-publish","format-standard","has-post-thumbnail","hentry","category-diversite-fr","category-albinfo-tv-fr"],"acf":[],"_links":{"self":[{"href":"https:\/\/www.albinfo.at\/fr\/wp-json\/wp\/v2\/posts\/78775","targetHints":{"allow":["GET"]}}],"collection":[{"href":"https:\/\/www.albinfo.at\/fr\/wp-json\/wp\/v2\/posts"}],"about":[{"href":"https:\/\/www.albinfo.at\/fr\/wp-json\/wp\/v2\/types\/post"}],"author":[{"embeddable":true,"href":"https:\/\/www.albinfo.at\/fr\/wp-json\/wp\/v2\/users\/10"}],"replies":[{"embeddable":true,"href":"https:\/\/www.albinfo.at\/fr\/wp-json\/wp\/v2\/comments?post=78775"}],"version-history":[{"count":0,"href":"https:\/\/www.albinfo.at\/fr\/wp-json\/wp\/v2\/posts\/78775\/revisions"}],"wp:featuredmedia":[{"embeddable":true,"href":"https:\/\/www.albinfo.at\/fr\/wp-json\/wp\/v2\/media\/78777"}],"wp:attachment":[{"href":"https:\/\/www.albinfo.at\/fr\/wp-json\/wp\/v2\/media?parent=78775"}],"wp:term":[{"taxonomy":"category","embeddable":true,"href":"https:\/\/www.albinfo.at\/fr\/wp-json\/wp\/v2\/categories?post=78775"},{"taxonomy":"post_tag","embeddable":true,"href":"https:\/\/www.albinfo.at\/fr\/wp-json\/wp\/v2\/tags?post=78775"},{"taxonomy":"vendi","embeddable":true,"href":"https:\/\/www.albinfo.at\/fr\/wp-json\/wp\/v2\/vendi?post=78775"},{"taxonomy":"content_country","embeddable":true,"href":"https:\/\/www.albinfo.at\/fr\/wp-json\/wp\/v2\/content_country?post=78775"}],"curies":[{"name":"wp","href":"https:\/\/api.w.org\/{rel}","templated":true}]}}