{"id":780108,"date":"2024-10-30T15:54:05","date_gmt":"2024-10-30T14:54:05","guid":{"rendered":"https:\/\/www.albinfo.ch\/?p=780108"},"modified":"2024-10-31T18:38:54","modified_gmt":"2024-10-31T17:38:54","slug":"le-conseiller-federal-guy-parmelin-rencontre-le-premier-ministre-kosovar-albin-kurti","status":"publish","type":"post","link":"https:\/\/www.albinfo.at\/fr\/le-conseiller-federal-guy-parmelin-rencontre-le-premier-ministre-kosovar-albin-kurti\/","title":{"rendered":"Le conseiller f\u00e9d\u00e9ral Guy Parmelin rencontre le Premier ministre kosovar Albin Kurti"},"content":{"rendered":"<div class=\"contentHead\">\n<p>Le conseiller f\u00e9d\u00e9ral Guy Parmelin recevra le 1er novembre 2024 Albin Kurti, Premier ministre de la R\u00e9publique du Kosovo. Cette rencontre intervient alors que les n\u00e9gociations en vue d\u2019un accord de libre-\u00e9change entre les pays de l\u2019AELE et le Kosovo viennent d\u2019aboutir.<\/p>\n<\/div>\n<div class=\"mod mod-nsbnewsdetails\">\n<p>Les \u00c9tats de l&#8217;Association europ\u00e9enne de libre-\u00e9change (AELE) et le Kosovo ont conclu les n\u00e9gociations en vue d&#8217;un accord de libre-\u00e9change le 26 septembre 2024 \u00e0 Pristina. Cette th\u00e9matique sera au c\u0153ur des \u00e9changes de la rencontre.<\/p>\n<p>L&#8217;accord, qui couvre notamment les secteurs du commerce des biens et des services, de la propri\u00e9t\u00e9 intellectuelle et du d\u00e9veloppement durable, marque une \u00e9tape importante dans l&#8217;approfondissement des relations \u00e9conomiques entre la Suisse et le Kosovo. La signature de l&#8217;accord aura lieu dans les prochains mois.<\/p>\n<p>Outre l&#8217;accord de libre-\u00e9change et sa mise en \u0153uvre, le renforcement de la coop\u00e9ration \u00e9conomique dans le domaine du B2B (commerce interentreprise) et l&#8217;\u00e9volution g\u00e9n\u00e9rale du Kosovo figureront \u00e0 l&#8217;ordre du jour des discussions.<\/p>\n<p>En 2023, selon l&#8217;Office f\u00e9d\u00e9ral de la douane et de la s\u00e9curit\u00e9 des fronti\u00e8res (OFDF), le volume des \u00e9changes entre la Suisse et le Kosovo s&#8217;est \u00e9lev\u00e9 \u00e0 137 millions de francs suisses. Selon la banque centrale du Kosovo, la Suisse est le 2\u00e8me investisseur direct au Kosovo, avec un stock de 1,05 milliard d&#8217;euros en 2023, alors que les investissements kosovars en Suisse s&#8217;\u00e9levaient \u00e0 44,4 millions d&#8217;euros.<\/p>\n<\/div>\n","protected":false},"excerpt":{"rendered":"<p>Cette rencontre intervient alors que les n\u00e9gociations en vue d\u2019un accord de libre-\u00e9change entre les pays de l\u2019AELE et le Kosovo viennent d\u2019aboutir<\/p>\n","protected":false},"author":4,"featured_media":780104,"comment_status":"closed","ping_status":"closed","sticky":false,"template":"","format":"standard","meta":{"footnotes":""},"categories":[3949,18826,1159,1170],"tags":[1625],"vendi":[],"content_country":[],"class_list":["post-780108","post","type-post","status-publish","format-standard","has-post-thumbnail","hentry","category-kosova-fr","category-lajme-jeta-ne-zvicer-fr","category-ch-balkans","category-vivre-en-suisse","tag-pritje-de-fr"],"acf":[],"_links":{"self":[{"href":"https:\/\/www.albinfo.at\/fr\/wp-json\/wp\/v2\/posts\/780108","targetHints":{"allow":["GET"]}}],"collection":[{"href":"https:\/\/www.albinfo.at\/fr\/wp-json\/wp\/v2\/posts"}],"about":[{"href":"https:\/\/www.albinfo.at\/fr\/wp-json\/wp\/v2\/types\/post"}],"author":[{"embeddable":true,"href":"https:\/\/www.albinfo.at\/fr\/wp-json\/wp\/v2\/users\/4"}],"replies":[{"embeddable":true,"href":"https:\/\/www.albinfo.at\/fr\/wp-json\/wp\/v2\/comments?post=780108"}],"version-history":[{"count":1,"href":"https:\/\/www.albinfo.at\/fr\/wp-json\/wp\/v2\/posts\/780108\/revisions"}],"predecessor-version":[{"id":780109,"href":"https:\/\/www.albinfo.at\/fr\/wp-json\/wp\/v2\/posts\/780108\/revisions\/780109"}],"wp:featuredmedia":[{"embeddable":true,"href":"https:\/\/www.albinfo.at\/fr\/wp-json\/wp\/v2\/media\/780104"}],"wp:attachment":[{"href":"https:\/\/www.albinfo.at\/fr\/wp-json\/wp\/v2\/media?parent=780108"}],"wp:term":[{"taxonomy":"category","embeddable":true,"href":"https:\/\/www.albinfo.at\/fr\/wp-json\/wp\/v2\/categories?post=780108"},{"taxonomy":"post_tag","embeddable":true,"href":"https:\/\/www.albinfo.at\/fr\/wp-json\/wp\/v2\/tags?post=780108"},{"taxonomy":"vendi","embeddable":true,"href":"https:\/\/www.albinfo.at\/fr\/wp-json\/wp\/v2\/vendi?post=780108"},{"taxonomy":"content_country","embeddable":true,"href":"https:\/\/www.albinfo.at\/fr\/wp-json\/wp\/v2\/content_country?post=780108"}],"curies":[{"name":"wp","href":"https:\/\/api.w.org\/{rel}","templated":true}]}}