{"id":77569,"date":"2015-03-16T15:55:06","date_gmt":"2015-03-16T14:55:06","guid":{"rendered":"http:\/\/www.albinfo.ch\/?p=77569"},"modified":"2015-03-16T16:46:07","modified_gmt":"2015-03-16T15:46:07","slug":"sommaruga-dhe-jahjaga-konfirmojne-marredheniet-e-shkelqyera-ne-mes-te-dy-vendeve-2-2","status":"publish","type":"post","link":"https:\/\/www.albinfo.at\/fr\/sommaruga-dhe-jahjaga-konfirmojne-marredheniet-e-shkelqyera-ne-mes-te-dy-vendeve-2-2\/","title":{"rendered":"La pr\u00e9sidente de la Conf\u00e9d\u00e9ration re\u00e7oit Atifete Jahjaga, pr\u00e9sidente du Kosovo"},"content":{"rendered":"<p>Les deux pr\u00e9sidentes ont discut\u00e9 des derniers d\u00e9veloppements au Kosovo et de la coop\u00e9ration bilat\u00e9rale, et plus pr\u00e9cis\u00e9ment de questions relatives \u00e0 la migration et \u00e0 la coop\u00e9ration polici\u00e8re<strong>.<\/strong><\/p>\n<p>La stabilit\u00e9 interne et r\u00e9gionale, la relance \u00e9conomique et le renforcement de l&#8217;\u00c9tat de droit dans les Balkans occidentaux, en particulier dans la R\u00e9publique du Kosovo, sont des priorit\u00e9s de la politique \u00e9trang\u00e8re suisse dans la r\u00e9gion.<\/p>\n<p>Les pr\u00e9sidentes ont discut\u00e9 des derniers d\u00e9veloppements politiques et \u00e9conomiques au Kosovo. Simonetta Sommaruga s&#8217;est montr\u00e9e pr\u00e9occup\u00e9e par l&#8217;augmentation r\u00e9cente du nombre des demandes d&#8217;asile d\u00e9pos\u00e9es par des ressortissants kosovars dans plusieurs pays europ\u00e9ens. Selon elle, m\u00eame si la Suisse n&#8217;est que marginalement touch\u00e9e, cette \u00e9volution est particuli\u00e8rement regrettable \u00e9tant donn\u00e9 que le Kosovo a besoin de ces jeunes citoyens qualifi\u00e9s dans son propre pays pour promouvoir les r\u00e9formes et la croissance \u00e9conomique. Toujours selon la pr\u00e9sidente suisse, le contr\u00f4le de la migration irr\u00e9guli\u00e8re en provenance du Kosovo est vital dans la perspective d&#8217;un nouveau rapprochement en direction de l&#8217;UE. La Suisse poursuivra son engagement dans le cadre de son partenariat migratoire avec le Kosovo. Cet \u00e9change r\u00e9gulier a permis de mettre en chantier des projets d&#8217;une grande utilit\u00e9 dans le domaine de l&#8217;asile et de la migration, notamment concernant l&#8217;int\u00e9gration des minorit\u00e9s, a d\u00e9clar\u00e9 Simonetta Sommaruga. En outre, la coop\u00e9ration en mati\u00e8re de r\u00e9admission a pu \u00eatre renforc\u00e9e.<\/p>\n<p><strong>Renforcer la coop\u00e9ration polici\u00e8re<\/strong><\/p>\n<p>La pr\u00e9sidente de la Conf\u00e9d\u00e9ration a soulign\u00e9 l&#8217;importance de la coop\u00e9ration polici\u00e8re toujours plus \u00e9troite entre les deux pays. Elle a inform\u00e9 son homologue kosovare de la r\u00e9cente adoption, par le Parlement suisse, d&#8217;un accord de coop\u00e9ration polici\u00e8re. Ce nouvel instrument doit permettre de combattre plus efficacement le crime organis\u00e9, la traite d&#8217;\u00eatres humains et le trafic des migrants ainsi que le terrorisme, notamment par l&#8217;\u00e9change d&#8217;informations et de personnel et par la mise en place de groupes d&#8217;enqu\u00eate mixtes. Les deux pr\u00e9sidentes ont \u00e9galement discut\u00e9 de la lutte contre le tourisme du djihad.<\/p>\n<p>La Suisse abrite une des plus grandes diasporas kosovares. En effet, quelque 170\u00a0000 personnes d&#8217;origine kosovare vivent dans notre pays. Trois pr\u00e9sidents de la Conf\u00e9d\u00e9ration se sont rendus au Kosovo, \u00e0 savoir M. Maurer en 2013 ainsi que M. Burkhalter et Mme Sommaruga en 2014, ce qui illustre les liens \u00e9troits qui unissent la Suisse et le Kosovo.<\/p>\n<p>La Suisse est tr\u00e8s engag\u00e9e au Kosovo et soutient ce pays dans le cadre de la coop\u00e9ration au d\u00e9veloppement dans sa transition vers la d\u00e9mocratie et l&#8217;\u00e9conomie sociale de march\u00e9. Cette coop\u00e9ration comprend notamment le renforcement des administrations locales, l&#8217;am\u00e9lioration des prestations m\u00e9dicales et le raccordement de la population rurale au syst\u00e8me d&#8217;approvisionnement en eau. Depuis 1999, la Suisse participe en outre avec un contingent de plus de 200 militaires \u00e0 la mission internationale de soutien de la paix KFOR au Kosovo. Le Parlement a approuv\u00e9 la prolongation de cet engagement jusqu&#8217;en 2017.<\/p>\n<p><strong>news.admin.ch<\/strong><\/p>\n<p>&nbsp;<\/p>\n","protected":false},"excerpt":{"rendered":"<p>Le lundi 16 mars 2015, la pr\u00e9sidente de la Conf\u00e9d\u00e9ration Simonetta Sommaruga a re\u00e7u \u00e0 Berne la pr\u00e9sidente kosovare Atifete Jahjaga pour une visite de travail officielle.<\/p>\n","protected":false},"author":4,"featured_media":77561,"comment_status":"open","ping_status":"open","sticky":false,"template":"","format":"standard","meta":{"footnotes":""},"categories":[1160,1159],"tags":[1625],"vendi":[],"content_country":[],"class_list":["post-77569","post","type-post","status-publish","format-standard","has-post-thumbnail","hentry","category-actuel","category-ch-balkans","tag-pritje-de-fr"],"acf":[],"_links":{"self":[{"href":"https:\/\/www.albinfo.at\/fr\/wp-json\/wp\/v2\/posts\/77569","targetHints":{"allow":["GET"]}}],"collection":[{"href":"https:\/\/www.albinfo.at\/fr\/wp-json\/wp\/v2\/posts"}],"about":[{"href":"https:\/\/www.albinfo.at\/fr\/wp-json\/wp\/v2\/types\/post"}],"author":[{"embeddable":true,"href":"https:\/\/www.albinfo.at\/fr\/wp-json\/wp\/v2\/users\/4"}],"replies":[{"embeddable":true,"href":"https:\/\/www.albinfo.at\/fr\/wp-json\/wp\/v2\/comments?post=77569"}],"version-history":[{"count":0,"href":"https:\/\/www.albinfo.at\/fr\/wp-json\/wp\/v2\/posts\/77569\/revisions"}],"wp:featuredmedia":[{"embeddable":true,"href":"https:\/\/www.albinfo.at\/fr\/wp-json\/wp\/v2\/media\/77561"}],"wp:attachment":[{"href":"https:\/\/www.albinfo.at\/fr\/wp-json\/wp\/v2\/media?parent=77569"}],"wp:term":[{"taxonomy":"category","embeddable":true,"href":"https:\/\/www.albinfo.at\/fr\/wp-json\/wp\/v2\/categories?post=77569"},{"taxonomy":"post_tag","embeddable":true,"href":"https:\/\/www.albinfo.at\/fr\/wp-json\/wp\/v2\/tags?post=77569"},{"taxonomy":"vendi","embeddable":true,"href":"https:\/\/www.albinfo.at\/fr\/wp-json\/wp\/v2\/vendi?post=77569"},{"taxonomy":"content_country","embeddable":true,"href":"https:\/\/www.albinfo.at\/fr\/wp-json\/wp\/v2\/content_country?post=77569"}],"curies":[{"name":"wp","href":"https:\/\/api.w.org\/{rel}","templated":true}]}}