{"id":775562,"date":"2024-10-14T13:45:50","date_gmt":"2024-10-14T11:45:50","guid":{"rendered":"https:\/\/www.albinfo.ch\/?p=775562"},"modified":"2024-10-14T13:45:50","modified_gmt":"2024-10-14T11:45:50","slug":"une-nouvelle-ecole-albanaise-ouvre-ses-portes-a-saxon-en-valais","status":"publish","type":"post","link":"https:\/\/www.albinfo.at\/fr\/une-nouvelle-ecole-albanaise-ouvre-ses-portes-a-saxon-en-valais\/","title":{"rendered":"Une nouvelle \u00e9cole albanaise ouvre ses portes \u00e0 Saxon, en Valais"},"content":{"rendered":"<p><span style=\"font-family: 'Arial',sans-serif;\">Une nouvelle \u00e9cole albanaise a ouvert ses portes \u00e0 Saxon, dans le canton du Valais. Cette ouverture s&#8217;inscrit dans un effort continu des enseignants et des acteurs de l&#8217;\u00e9ducation albanaise en Suisse pour promouvoir l&#8217;apprentissage de leur langue maternelle, selon <a href=\"http:\/\/albinfo.ch\">albinfo.ch<\/a>.<\/span><\/p>\n<p><span style=\"font-family: 'Arial',sans-serif;\">Leur travail et leur d\u00e9vouement constants se traduisent par une augmentation du nombre d&#8217;\u00e9l\u00e8ves et par l&#8217;ouverture de nouveaux points d&#8217;enseignement, transformant leur activit\u00e9 en une v\u00e9ritable mission nationale.<\/span><\/p>\n<p><span style=\"font-family: 'Arial',sans-serif;\">D\u00e9sormais, les enfants albanais de Saxon et des villages environnants ont la possibilit\u00e9 de suivre des cours en albanais. Les cours ont lieu tous les mercredis \u00e0 l&#8217;\u00e9cole primaire de Saxon, sous la direction de l&#8217;enseignante Edona Haradini. Gr\u00e2ce \u00e0 son engagement exceptionnel, en collaboration avec les parents d&#8217;\u00e9l\u00e8ves et le coordinateur des \u00e9coles albanaises, M. Vaxhid Sejdiu, cette nouvelle \u00e9cole est devenue une r\u00e9alit\u00e9. Ces enfants ont ainsi entam\u00e9 un nouveau chapitre dans leur apprentissage de la langue maternelle.<\/span><\/p>\n<p><span style=\"font-family: 'Arial',sans-serif;\">Edona Haradini, particuli\u00e8rement enthousiaste, exprime son d\u00e9vouement et sa volont\u00e9 de continuer \u00e0 enseigner l&#8217;albanais malgr\u00e9 son expatriation en Suisse.<\/span><\/p>\n<p><span style=\"font-family: 'Arial',sans-serif;\">Les parents des \u00e9l\u00e8ves partagent cette joie et encouragent leurs enfants \u00e0 suivre ces cours afin d&#8217;apprendre leur langue maternelle de mani\u00e8re r\u00e9guli\u00e8re. La classe, lumineuse et accueillante, a accueilli des dizaines d&#8217;enfants qui, apr\u00e8s avoir termin\u00e9 leurs cours r\u00e9guliers \u00e0 l&#8217;\u00e9cole locale, ont poursuivi leur apprentissage en albanais le mercredi apr\u00e8s-midi.<\/span><\/p>\n<p><span style=\"font-family: 'Arial',sans-serif;\">Heureuse de pouvoir exercer son m\u00e9tier en Suisse, Edona Nuredini souhaite accueillir le plus grand nombre d&#8217;enfants albanais possible dans ses cours.<\/span><\/p>\n<p><span style=\"font-family: 'Arial',sans-serif;\">Eliani, Lena, Dilani, Lirioni, Doriani, Azalea, Adela, Aidi, Ajani, <\/span><span style=\"font-family: 'Tahoma',sans-serif;\">\u2060<\/span><span style=\"font-family: 'Arial',sans-serif;\">Elza, Diellza, <\/span><span style=\"font-family: 'Tahoma',sans-serif;\">\u2060<\/span><span style=\"font-family: 'Arial',sans-serif;\">Riani et les autres \u00e9l\u00e8ves inscrits \u00e0 l&#8217;\u00e9cole albanaise de Saxon encouragent leurs camarades \u00e0 les rejoindre pour apprendre l&#8217;albanais.<\/span><\/p>\n<p><span style=\"font-family: 'Arial',sans-serif;\">Les sourires de ces enfants, ainsi que ceux des \u00e9l\u00e8ves des dizaines d&#8217;autres \u00e9coles albanaises ouvertes dans toute la Suisse, t\u00e9moignent de l&#8217;essor de la langue albanaise gr\u00e2ce \u00e0 l&#8217;engagement des acteurs de \u00ab l&#8217;Ecole albanaise \u00bb en Suisse. Vaxhid Sejdiu, en particulier, est devenu un exemple de d\u00e9vouement au service de la langue et de la culture albanaises, non seulement en Suisse, mais aussi dans toute la diaspora.<\/span><\/p>\n","protected":false},"excerpt":{"rendered":"<p>Une nouvelle \u00e9cole albanaise a ouvert ses portes \u00e0 Saxon, dans le canton du Valais. Cette ouverture s&#8217;inscrit dans un effort continu des enseignants et des acteurs de l&#8217;\u00e9ducation albanaise en Suisse pour promouvoir l&#8217;apprentissage de leur langue maternelle, selon albinfo.ch. Leur travail et leur d\u00e9vouement constants se traduisent par une augmentation du nombre d&#8217;\u00e9l\u00e8ves [&hellip;]<\/p>\n","protected":false},"author":6,"featured_media":774196,"comment_status":"closed","ping_status":"closed","sticky":false,"template":"","format":"standard","meta":{"footnotes":""},"categories":[1166,18826,24630,1163,1170],"tags":[],"vendi":[],"content_country":[31835,31838,31840],"class_list":["post-775562","post","type-post","status-publish","format-standard","has-post-thumbnail","hentry","category-langues","category-lajme-jeta-ne-zvicer-fr","category-nouvelles","category-fr-e-diaspora","category-vivre-en-suisse","content_country-austria-fr","content_country-germany-fr","content_country-zvicer-fr"],"acf":[],"_links":{"self":[{"href":"https:\/\/www.albinfo.at\/fr\/wp-json\/wp\/v2\/posts\/775562","targetHints":{"allow":["GET"]}}],"collection":[{"href":"https:\/\/www.albinfo.at\/fr\/wp-json\/wp\/v2\/posts"}],"about":[{"href":"https:\/\/www.albinfo.at\/fr\/wp-json\/wp\/v2\/types\/post"}],"author":[{"embeddable":true,"href":"https:\/\/www.albinfo.at\/fr\/wp-json\/wp\/v2\/users\/6"}],"replies":[{"embeddable":true,"href":"https:\/\/www.albinfo.at\/fr\/wp-json\/wp\/v2\/comments?post=775562"}],"version-history":[{"count":1,"href":"https:\/\/www.albinfo.at\/fr\/wp-json\/wp\/v2\/posts\/775562\/revisions"}],"predecessor-version":[{"id":775563,"href":"https:\/\/www.albinfo.at\/fr\/wp-json\/wp\/v2\/posts\/775562\/revisions\/775563"}],"wp:featuredmedia":[{"embeddable":true,"href":"https:\/\/www.albinfo.at\/fr\/wp-json\/wp\/v2\/media\/774196"}],"wp:attachment":[{"href":"https:\/\/www.albinfo.at\/fr\/wp-json\/wp\/v2\/media?parent=775562"}],"wp:term":[{"taxonomy":"category","embeddable":true,"href":"https:\/\/www.albinfo.at\/fr\/wp-json\/wp\/v2\/categories?post=775562"},{"taxonomy":"post_tag","embeddable":true,"href":"https:\/\/www.albinfo.at\/fr\/wp-json\/wp\/v2\/tags?post=775562"},{"taxonomy":"vendi","embeddable":true,"href":"https:\/\/www.albinfo.at\/fr\/wp-json\/wp\/v2\/vendi?post=775562"},{"taxonomy":"content_country","embeddable":true,"href":"https:\/\/www.albinfo.at\/fr\/wp-json\/wp\/v2\/content_country?post=775562"}],"curies":[{"name":"wp","href":"https:\/\/api.w.org\/{rel}","templated":true}]}}