{"id":74832,"date":"2015-02-16T11:19:37","date_gmt":"2015-02-16T10:19:37","guid":{"rendered":"http:\/\/www.albinfo.ch\/?p=74832"},"modified":"2015-02-16T11:20:14","modified_gmt":"2015-02-16T10:20:14","slug":"femmes-et-jobs-temps-partiel","status":"publish","type":"post","link":"https:\/\/www.albinfo.at\/fr\/femmes-et-jobs-temps-partiel\/","title":{"rendered":"Femmes et jobs \u00e0 temps partiel"},"content":{"rendered":"<p>Certaines femmes exercent plusieurs emplois \u00e0 temps partiel. Pourquoi cumulent-elles ces types d\u2019emploi ? Quels sont les cons\u00e9quences, mais aussi les pi\u00e8ges \u00e0 \u00e9viter ? Que faut-il entreprendre pour pr\u00e9parer la retraite, sur le plan des assurances ?<iframe loading=\"lazy\" src=\"http:\/\/www.latele.ch\/embed?i=51736\" width=\"560\" height=\"315\" frameborder=\"0\" scrolling=\"no\"><\/iframe><\/p>\n","protected":false},"excerpt":{"rendered":"<p>Certaines femmes exercent plusieurs emplois \u00e0 temps partiel. Pourquoi cumulent-elles ces types d\u2019emploi ? Quels sont les cons\u00e9quences, mais aussi les pi\u00e8ges \u00e0 \u00e9viter ? Que faut-il entreprendre pour pr\u00e9parer la retraite, sur le plan des assurances ?<\/p>\n","protected":false},"author":10,"featured_media":74833,"comment_status":"open","ping_status":"open","sticky":false,"template":"","format":"standard","meta":{"footnotes":""},"categories":[1180,1179],"tags":[],"vendi":[],"content_country":[],"class_list":["post-74832","post","type-post","status-publish","format-standard","has-post-thumbnail","hentry","category-diversite-fr","category-albinfo-tv-fr"],"acf":[],"_links":{"self":[{"href":"https:\/\/www.albinfo.at\/fr\/wp-json\/wp\/v2\/posts\/74832","targetHints":{"allow":["GET"]}}],"collection":[{"href":"https:\/\/www.albinfo.at\/fr\/wp-json\/wp\/v2\/posts"}],"about":[{"href":"https:\/\/www.albinfo.at\/fr\/wp-json\/wp\/v2\/types\/post"}],"author":[{"embeddable":true,"href":"https:\/\/www.albinfo.at\/fr\/wp-json\/wp\/v2\/users\/10"}],"replies":[{"embeddable":true,"href":"https:\/\/www.albinfo.at\/fr\/wp-json\/wp\/v2\/comments?post=74832"}],"version-history":[{"count":0,"href":"https:\/\/www.albinfo.at\/fr\/wp-json\/wp\/v2\/posts\/74832\/revisions"}],"wp:featuredmedia":[{"embeddable":true,"href":"https:\/\/www.albinfo.at\/fr\/wp-json\/wp\/v2\/media\/74833"}],"wp:attachment":[{"href":"https:\/\/www.albinfo.at\/fr\/wp-json\/wp\/v2\/media?parent=74832"}],"wp:term":[{"taxonomy":"category","embeddable":true,"href":"https:\/\/www.albinfo.at\/fr\/wp-json\/wp\/v2\/categories?post=74832"},{"taxonomy":"post_tag","embeddable":true,"href":"https:\/\/www.albinfo.at\/fr\/wp-json\/wp\/v2\/tags?post=74832"},{"taxonomy":"vendi","embeddable":true,"href":"https:\/\/www.albinfo.at\/fr\/wp-json\/wp\/v2\/vendi?post=74832"},{"taxonomy":"content_country","embeddable":true,"href":"https:\/\/www.albinfo.at\/fr\/wp-json\/wp\/v2\/content_country?post=74832"}],"curies":[{"name":"wp","href":"https:\/\/api.w.org\/{rel}","templated":true}]}}