{"id":738367,"date":"2024-05-13T12:54:02","date_gmt":"2024-05-13T10:54:02","guid":{"rendered":"https:\/\/www.albinfo.ch\/?p=738367"},"modified":"2024-05-13T12:54:02","modified_gmt":"2024-05-13T10:54:02","slug":"deces-du-vice-chancelier-andre-simonazzi","status":"publish","type":"post","link":"https:\/\/www.albinfo.at\/fr\/deces-du-vice-chancelier-andre-simonazzi\/","title":{"rendered":"D\u00e9c\u00e8s du vice-chancelier Andr\u00e9 Simonazzi"},"content":{"rendered":"<p><strong>Le porte-parole du Conseil f\u00e9d\u00e9ral et vice-chancelier Andr\u00e9 Simonazzi est d\u00e9c\u00e9d\u00e9 vendredi lors d\u2019une randonn\u00e9e. La nouvelle de son d\u00e9c\u00e8s a boulevers\u00e9 et profond\u00e9ment attrist\u00e9 les membres du Conseil f\u00e9d\u00e9ral et le chancelier de la Conf\u00e9d\u00e9ration. Le Conseil f\u00e9d\u00e9ral et le chancelier adressent leurs sinc\u00e8res condol\u00e9ances \u00e0 la famille et aux proches d\u2019Andr\u00e9 Simonazzi.<\/strong><\/p>\n<p>Andr\u00e9 Simonazzi a \u00e9t\u00e9 nomm\u00e9 vice-chancelier et porte-parole du Conseil f\u00e9d\u00e9ral en novembre 2008. Depuis le 1er janvier 2009, il a pris part aux s\u00e9ances du Conseil f\u00e9d\u00e9ral, dont il a tenu le proc\u00e8s-verbal, et en a assur\u00e9 la communication. En tant que vice-chancelier, il a dirig\u00e9 plusieurs sections et le service pr\u00e9sidentiel au sein de la Chancellerie f\u00e9d\u00e9rale.<\/p>\n<p>Andr\u00e9 Simonazzi \u00e9tait un serviteur de l\u2019\u00c9tat au sens le plus noble du terme. Le mandat d\u2019information inscrit dans la loi a toujours guid\u00e9 son travail et celui de ses coll\u00e8gues. Il voyait dans la communication gouvernementale un service au public et au gouvernement et entendait cr\u00e9er par celle-ci les meilleures conditions possibles pour que le Conseil f\u00e9d\u00e9ral puisse travailler au mieux.<\/p>\n<p>C\u2019est gr\u00e2ce \u00e0 Andr\u00e9 Simonazzi que l\u2019activit\u00e9 du Conseil f\u00e9d\u00e9ral dans le domaine de l\u2019information est en ad\u00e9quation avec les enjeux d\u2019aujourd\u2019hui. C\u2019est gr\u00e2ce \u00e0 lui que la communication s\u2019est professionnalis\u00e9e et s\u2019est num\u00e9ris\u00e9e. Il a \u0153uvr\u00e9 sans rel\u00e2che au renforcement de la coordination et en a fait une composante indissociable de l\u2019activit\u00e9 gouvernementale.<\/p>\n<p>Il a vaincu les r\u00e9sistances par la force de ses arguments, son humour et son charme. Les crises qui ont marqu\u00e9 les derni\u00e8res ann\u00e9es ont eu un \u00e9norme impact sur la communication, aussi a-t-il rappel\u00e9 sans r\u00e9pit aux personnes concern\u00e9es \u00e0 quel point il \u00e9tait capital que la communication de crise soit continue et il y a lui-m\u00eame infatigablement contribu\u00e9. Sa disparition prive l\u2019administration f\u00e9d\u00e9rale d\u2019un homme d\u2019exception et d\u2019un merveilleux coll\u00e8gue.<\/p>\n<p>Andr\u00e9 Simonazzi aimait \u00e0 se reposer en montagne. C\u2019est lors d\u2019une de ces randonn\u00e9es qu\u2019il appr\u00e9ciait tant qu\u2019il s\u2019est effondr\u00e9 vendredi, \u00e0 l\u2019\u00e2ge de 55 ans. Il laisse derri\u00e8re lui son \u00e9pouse et ses trois grands enfants. Les membres du Conseil f\u00e9d\u00e9ral et le chancelier de la Conf\u00e9d\u00e9ration leur adressent leurs sinc\u00e8res condol\u00e9ances.<\/p>\n","protected":false},"excerpt":{"rendered":"<p>Le porte-parole du Conseil f\u00e9d\u00e9ral et vice-chancelier Andr\u00e9 Simonazzi est d\u00e9c\u00e9d\u00e9 vendredi lors d\u2019une randonn\u00e9e. La nouvelle de son d\u00e9c\u00e8s a boulevers\u00e9 et profond\u00e9ment attrist\u00e9 les membres du Conseil f\u00e9d\u00e9ral et le chancelier de la Conf\u00e9d\u00e9ration. Le Conseil f\u00e9d\u00e9ral et le chancelier adressent leurs sinc\u00e8res condol\u00e9ances \u00e0 la famille et aux proches d\u2019Andr\u00e9 Simonazzi. Andr\u00e9 [&hellip;]<\/p>\n","protected":false},"author":6,"featured_media":737936,"comment_status":"closed","ping_status":"closed","sticky":false,"template":"","format":"standard","meta":{"footnotes":""},"categories":[18826,1170],"tags":[],"vendi":[],"content_country":[31835,31838,31840],"class_list":["post-738367","post","type-post","status-publish","format-standard","has-post-thumbnail","hentry","category-lajme-jeta-ne-zvicer-fr","category-vivre-en-suisse","content_country-austria-fr","content_country-germany-fr","content_country-zvicer-fr"],"acf":[],"_links":{"self":[{"href":"https:\/\/www.albinfo.at\/fr\/wp-json\/wp\/v2\/posts\/738367","targetHints":{"allow":["GET"]}}],"collection":[{"href":"https:\/\/www.albinfo.at\/fr\/wp-json\/wp\/v2\/posts"}],"about":[{"href":"https:\/\/www.albinfo.at\/fr\/wp-json\/wp\/v2\/types\/post"}],"author":[{"embeddable":true,"href":"https:\/\/www.albinfo.at\/fr\/wp-json\/wp\/v2\/users\/6"}],"replies":[{"embeddable":true,"href":"https:\/\/www.albinfo.at\/fr\/wp-json\/wp\/v2\/comments?post=738367"}],"version-history":[{"count":0,"href":"https:\/\/www.albinfo.at\/fr\/wp-json\/wp\/v2\/posts\/738367\/revisions"}],"wp:featuredmedia":[{"embeddable":true,"href":"https:\/\/www.albinfo.at\/fr\/wp-json\/wp\/v2\/media\/737936"}],"wp:attachment":[{"href":"https:\/\/www.albinfo.at\/fr\/wp-json\/wp\/v2\/media?parent=738367"}],"wp:term":[{"taxonomy":"category","embeddable":true,"href":"https:\/\/www.albinfo.at\/fr\/wp-json\/wp\/v2\/categories?post=738367"},{"taxonomy":"post_tag","embeddable":true,"href":"https:\/\/www.albinfo.at\/fr\/wp-json\/wp\/v2\/tags?post=738367"},{"taxonomy":"vendi","embeddable":true,"href":"https:\/\/www.albinfo.at\/fr\/wp-json\/wp\/v2\/vendi?post=738367"},{"taxonomy":"content_country","embeddable":true,"href":"https:\/\/www.albinfo.at\/fr\/wp-json\/wp\/v2\/content_country?post=738367"}],"curies":[{"name":"wp","href":"https:\/\/api.w.org\/{rel}","templated":true}]}}