{"id":736892,"date":"2024-05-08T21:29:40","date_gmt":"2024-05-08T19:29:40","guid":{"rendered":"https:\/\/www.albinfo.ch\/?p=736892"},"modified":"2024-05-08T21:29:40","modified_gmt":"2024-05-08T19:29:40","slug":"prestations-complementaires-le-conseil-federal-veut-promouvoir-le-logement-protege","status":"publish","type":"post","link":"https:\/\/www.albinfo.at\/fr\/prestations-complementaires-le-conseil-federal-veut-promouvoir-le-logement-protege\/","title":{"rendered":"Prestations compl\u00e9mentaires : le Conseil f\u00e9d\u00e9ral veut promouvoir le logement prot\u00e9g\u00e9"},"content":{"rendered":"<div class=\"contentHead\"><\/div>\n<div class=\"mod mod-nsbnewsdetails\">\n<p><strong>Le Conseil f\u00e9d\u00e9ral souhaite mieux soutenir l\u2019autonomie des personnes \u00e2g\u00e9es et encourager leur maintien \u00e0 domicile. C\u2019est pourquoi les prestations compl\u00e9mentaires (PC) devraient \u00e0 l\u2019avenir couvrir certaines prestations d\u2019assistance permettant aux personnes concern\u00e9es de continuer \u00e0 vivre dans leur propre logement. Lors de sa s\u00e9ance du 8 mai 2024, le Conseil f\u00e9d\u00e9ral a pris connaissance des r\u00e9sultats de la consultation consacr\u00e9e \u00e0 la modification de la loi f\u00e9d\u00e9rale sur les prestations compl\u00e9mentaires (LPC). Il a charg\u00e9 le D\u00e9partement f\u00e9d\u00e9ral de l\u2019int\u00e9rieur (DFI) d\u2019\u00e9laborer d\u2019ici l\u2019automne un message \u00e0 l\u2019intention du Parlement. Les prestations d\u2019assistance sont con\u00e7ues comme un forfait vers\u00e9 \u00e0 l\u2019avance, et les b\u00e9n\u00e9ficiaires de PC \u00e0 l\u2019AI pourront eux aussi y pr\u00e9tendre.<\/strong><\/p>\n<p>Environ un tiers des personnes qui vivent dans un \u00e9tablissement m\u00e9dico-social (EMS) requi\u00e8rent moins d\u2019une heure de soins par jour. Leur entr\u00e9e en EMS pourrait \u00eatre retard\u00e9e, voire \u00e9vit\u00e9e, si elles avaient la possibilit\u00e9 de vivre dans un logement adapt\u00e9 \u00e0 leurs besoins ou de b\u00e9n\u00e9ficier de prestations d\u2019assistance \u00e0 domicile. Les personnes \u00e2g\u00e9es aspirent \u00e0 vivre le plus longtemps possible de mani\u00e8re autonome dans leur propre logement. Pour cela, elles ont besoin non seulement d\u2019un soutien m\u00e9dical, mais aussi d\u2019une aide pour le m\u00e9nage, de services de repas ou d\u2019un environnement s\u00fbr (pr\u00e9vention des chutes).<\/p>\n<h2>Un int\u00e9r\u00eat marqu\u00e9, mais aussi de nombreuses critiques<\/h2>\n<p>Le projet consacr\u00e9 \u00e0 la prise en compte du logement prot\u00e9g\u00e9 dans les PC a suscit\u00e9 un vif int\u00e9r\u00eat lors de la consultation, mais aussi de fortes r\u00e9sistances. Les cantons s\u2019opposent \u00e0 l\u2019id\u00e9e que le financement leur incombe exclusivement. Une grande majorit\u00e9 des participants \u00e0 la consultation demandent en outre que les b\u00e9n\u00e9ficiaires de PC \u00e0 l\u2019AI puissent, eux aussi, avoir droit \u00e0 ces nouvelles prestations.<\/p>\n<p>Une nette majorit\u00e9 d\u00e9plore \u00e9galement que les b\u00e9n\u00e9ficiaires de PC doivent financer au pr\u00e9alable certaines prestations d\u2019assistance avant d\u2019en obtenir le remboursement. D\u2019autres critiques portent sur le suppl\u00e9ment pour la location d\u2019un logement adapt\u00e9 aux besoins des personnes \u00e2g\u00e9es ainsi que sur la n\u00e9cessit\u00e9 de mieux tenir compte des aspects psychosociaux comme l\u2019accompagnement dans l\u2019organisation du quotidien.<\/p>\n<h2>Principes fondamentaux pour le message<\/h2>\n<p>Sur la base des r\u00e9sultats de la consultation, le Conseil f\u00e9d\u00e9ral a d\u00e9cid\u00e9 d\u2019ouvrir le droit aux prestations pour le logement prot\u00e9g\u00e9 non seulement aux b\u00e9n\u00e9ficiaires de PC \u00e0 l\u2019AVS, mais aussi aux b\u00e9n\u00e9ficiaires de PC \u00e0 l\u2019AI. Le principe de l\u2019\u00e9galit\u00e9 de traitement entre les b\u00e9n\u00e9ficiaires de rentes de vieillesse et de rentes d\u2019invalidit\u00e9 sera ainsi respect\u00e9. Cependant, les prestations prises en charge par les PC n\u2019interviendront qu\u2019une fois l\u2019offre de prestations de l\u2019AI \u00e9puis\u00e9e.<\/p>\n<p>Les prestations en faveur du logement prot\u00e9g\u00e9 devront \u00eatre vers\u00e9es \u00e0 l\u2019avance sous la forme d\u2019un forfait. Cette solution est avantageuse pour les assur\u00e9s, qui n\u2019auront pas \u00e0 financer les prestations avant d\u2019en obtenir le remboursement. Elle \u00e9vite \u00e9galement les complications administratives. Ces prestations comprennent, selon les besoins :<\/p>\n<ul>\n<li>un suppl\u00e9ment pour la location d\u2019un logement adapt\u00e9 aux personnes \u00e2g\u00e9es ;<\/li>\n<li>le remboursement des frais li\u00e9s \u00e0 l\u2019adaptation du logement ;<\/li>\n<li>un syst\u00e8me d\u2019appel d\u2019urgence ;<\/li>\n<li>une aide au m\u00e9nage ;<\/li>\n<li>un service de repas ;<\/li>\n<li>un service de transport et d\u2019accompagnement.<\/li>\n<\/ul>\n<p>Ces prestations profiteront aux assur\u00e9s qui, en raison de leur \u00e2ge ou d\u2019une atteinte \u00e0 leur sant\u00e9, ont besoin d\u2019un soutien cibl\u00e9 pour pouvoir continuer \u00e0 vivre dans leur propre logement. C\u2019est pourquoi le Conseil f\u00e9d\u00e9ral maintient qu\u2019elles rel\u00e8vent des frais de maladie et d\u2019invalidit\u00e9 dans le syst\u00e8me des PC et qu\u2019elles doivent donc \u00eatre enti\u00e8rement prises en charge par les cantons. Cela correspond \u00e9galement \u00e0 la r\u00e9partition des comp\u00e9tences d\u00e9finie en 2008 par la r\u00e9forme de la p\u00e9r\u00e9quation financi\u00e8re et de la r\u00e9partition des t\u00e2ches entre la Conf\u00e9d\u00e9ration et les cantons. Les \u00e9conomies que le projet permettra de r\u00e9aliser en retardant ou en \u00e9vitant les entr\u00e9es en EMS ne profiteront par cons\u00e9quent qu\u2019aux cantons. Enfin, le Conseil f\u00e9d\u00e9ral tient compte, par cette d\u00e9cision, de la situation financi\u00e8re tendue dans laquelle se trouve la Conf\u00e9d\u00e9ration.<\/p>\n<p>Les co\u00fbts suppl\u00e9mentaires pour les cantons sont estim\u00e9s entre 300 et 620 millions de francs, pour des \u00e9conomies de 280 millions. Ces \u00e9conomies proviennent du fait que les prestations d\u2019assistance concern\u00e9es permettront de retarder ou d\u2019\u00e9viter des entr\u00e9es en EMS.<\/p>\n<\/div>\n","protected":false},"excerpt":{"rendered":"<p>Les prestations d\u2019assistance sont con\u00e7ues comme un forfait vers\u00e9 \u00e0 l\u2019avance, et les b\u00e9n\u00e9ficiaires de PC \u00e0 l\u2019AI pourront eux aussi y pr\u00e9tendre<\/p>\n","protected":false},"author":4,"featured_media":736893,"comment_status":"closed","ping_status":"closed","sticky":false,"template":"","format":"standard","meta":{"footnotes":""},"categories":[18826,1170],"tags":[],"vendi":[],"content_country":[31835,31838,31840],"class_list":["post-736892","post","type-post","status-publish","format-standard","has-post-thumbnail","hentry","category-lajme-jeta-ne-zvicer-fr","category-vivre-en-suisse","content_country-austria-fr","content_country-germany-fr","content_country-zvicer-fr"],"acf":[],"_links":{"self":[{"href":"https:\/\/www.albinfo.at\/fr\/wp-json\/wp\/v2\/posts\/736892","targetHints":{"allow":["GET"]}}],"collection":[{"href":"https:\/\/www.albinfo.at\/fr\/wp-json\/wp\/v2\/posts"}],"about":[{"href":"https:\/\/www.albinfo.at\/fr\/wp-json\/wp\/v2\/types\/post"}],"author":[{"embeddable":true,"href":"https:\/\/www.albinfo.at\/fr\/wp-json\/wp\/v2\/users\/4"}],"replies":[{"embeddable":true,"href":"https:\/\/www.albinfo.at\/fr\/wp-json\/wp\/v2\/comments?post=736892"}],"version-history":[{"count":0,"href":"https:\/\/www.albinfo.at\/fr\/wp-json\/wp\/v2\/posts\/736892\/revisions"}],"wp:featuredmedia":[{"embeddable":true,"href":"https:\/\/www.albinfo.at\/fr\/wp-json\/wp\/v2\/media\/736893"}],"wp:attachment":[{"href":"https:\/\/www.albinfo.at\/fr\/wp-json\/wp\/v2\/media?parent=736892"}],"wp:term":[{"taxonomy":"category","embeddable":true,"href":"https:\/\/www.albinfo.at\/fr\/wp-json\/wp\/v2\/categories?post=736892"},{"taxonomy":"post_tag","embeddable":true,"href":"https:\/\/www.albinfo.at\/fr\/wp-json\/wp\/v2\/tags?post=736892"},{"taxonomy":"vendi","embeddable":true,"href":"https:\/\/www.albinfo.at\/fr\/wp-json\/wp\/v2\/vendi?post=736892"},{"taxonomy":"content_country","embeddable":true,"href":"https:\/\/www.albinfo.at\/fr\/wp-json\/wp\/v2\/content_country?post=736892"}],"curies":[{"name":"wp","href":"https:\/\/api.w.org\/{rel}","templated":true}]}}