{"id":730614,"date":"2024-04-16T22:39:43","date_gmt":"2024-04-16T20:39:43","guid":{"rendered":"https:\/\/www.albinfo.ch\/?p=730614"},"modified":"2024-04-16T22:39:43","modified_gmt":"2024-04-16T20:39:43","slug":"asile-statistiques-de-mars-2024","status":"publish","type":"post","link":"https:\/\/www.albinfo.at\/fr\/asile-statistiques-de-mars-2024\/","title":{"rendered":"Asile : statistiques de mars 2024"},"content":{"rendered":"<div class=\"contentHead\"><\/div>\n<div class=\"mod mod-nsbnewsdetails\">\n<p>Les principaux pays de provenance des requ\u00e9rants d\u2019asile qui ont d\u00e9pos\u00e9 une demande en Suisse en mars 2024 ont \u00e9t\u00e9 l\u2019Afghanistan (1116 demandes, soit 206 de plus qu\u2019en f\u00e9vrier), la Turquie (265 demandes, -96), l\u2019\u00c9rythr\u00e9e (195 demandes, +55), l\u2019Alg\u00e9rie (100 demandes, -49) et la Syrie (78 demandes, -36).<\/p>\n<p>Sur les 2383 demandes d\u00e9pos\u00e9es en mars, 1431 \u00e9taient des demandes primaires (f\u00e9vrier 2024\u00a0: 1717). Les demandes primaires sont des demandes pr\u00e9sent\u00e9es ind\u00e9pendamment d\u2019autres personnes ayant d\u00e9j\u00e0 requis une protection. Les demandes secondaires, pour leur part, font suite \u00e0 des demandes d\u2019asile d\u00e9j\u00e0 enregistr\u00e9es (lors, par ex., de naissances, de regroupements familiaux ou de demandes multiples).<\/p>\n<p>En mars 2024, les demandes primaires \u00e9manaient majoritairement de ressortissants d\u2019Afghanistan (297\u00a0demandes, soit quatre de moins que le mois pr\u00e9c\u00e9dent), de Turquie (170, -83), d\u2019Alg\u00e9rie (98, -50), du Maroc (76, -16) et d\u2019\u00c9rythr\u00e9e (64, +20). Par ailleurs, pr\u00e8s de 700 des 1116 demandes d\u2019asile d\u00e9pos\u00e9es par des requ\u00e9rants afghans \u00e9taient li\u00e9es au changement de pratique concernant ce pays (f\u00e9vrier 2024 : environ 500).<\/p>\n<h3>Demandes d\u2019asile r\u00e9gl\u00e9es en premi\u00e8re instance<\/h3>\n<p>Le Secr\u00e9tariat d\u2019\u00c9tat aux migrations a r\u00e9gl\u00e9 3012 demandes d\u2019asile en mars 2024. Parmi elles, 718 ont abouti \u00e0 une d\u00e9cision de non-entr\u00e9e en mati\u00e8re (dont 399 sur la base de l\u2019accord de Dublin), 993 \u00e0 l\u2019octroi de l\u2019asile et 542 \u00e0 une admission provisoire en premi\u00e8re instance. Le nombre de cas en suspens en premi\u00e8re instance s\u2019\u00e9l\u00e8ve \u00e0 14 224, soit 743 de moins que le mois pr\u00e9c\u00e9dent.<b><\/b><\/p>\n<h3>D\u00e9parts<\/h3>\n<p>En mars, 989 personnes ont quitt\u00e9 la Suisse sous le contr\u00f4le des autorit\u00e9s ou ont \u00e9t\u00e9 renvoy\u00e9es dans leur pays ou dans un pays tiers. La Suisse a demand\u00e9 \u00e0 d\u2019autres \u00c9tats Dublin de prendre en charge 738\u00a0requ\u00e9rants. Dans le m\u00eame temps, 262\u00a0personnes ont \u00e9t\u00e9 transf\u00e9r\u00e9es vers l\u2019\u00c9tat Dublin responsable du traitement de leur demande d\u2019asile. La Suisse a, quant \u00e0 elle, re\u00e7u 388\u00a0demandes de prise en charge \u00e9manant d\u2019autres \u00c9tats Dublin, et 66\u00a0personnes ont \u00e9t\u00e9 transf\u00e9r\u00e9es sur son territoire.<\/p>\n<h3>Ukraine\u00a0: statut de protection\u00a0S\u00a0(proc\u00e9dure sp\u00e9ciale)<\/h3>\n<p>En mars, 1447\u00a0personnes en provenance d\u2019Ukraine ont d\u00e9pos\u00e9 une demande de statut\u00a0S. Durant la m\u00eame p\u00e9riode, ce statut a \u00e9t\u00e9 accord\u00e9 \u00e0 237\u00a0personnes, refus\u00e9 \u00e0 45 autres \u2013 qui ne remplissaient pas les crit\u00e8res \u2013 et lev\u00e9 dans 914\u00a0cas. Depuis l\u2019activation du statut de protec\u00adtion\u00a0S, celui-ci a pris fin pour 22 136\u00a0personnes et la fin du statut est en cours d\u2019examen pour 4087\u00a0personnes. Fin mars, 64 753\u00a0personnes b\u00e9n\u00e9ficiaient du statut S.<\/p>\n<\/div>\n","protected":false},"excerpt":{"rendered":"<p>Durant le mois de mars 2024, 2383 demandes d\u2019asile ont \u00e9t\u00e9 d\u00e9pos\u00e9es en Suisse, soit 66 de moins que le mois pr\u00e9c\u00e9dent (-2,7 %) et 490 de plus qu\u2019en mars 2023 (+25,9%). Les pays les plus repr\u00e9sent\u00e9s ont \u00e9t\u00e9 l\u2019Afghanistan et la Turquie. En outre, au cours du mois sous revue, le statut de protection S a \u00e9t\u00e9 accord\u00e9 \u00e0 237 personnes ayant fui l\u2019Ukraine et a pris fin dans 914 cas<\/p>\n","protected":false},"author":4,"featured_media":698613,"comment_status":"closed","ping_status":"closed","sticky":false,"template":"","format":"standard","meta":{"footnotes":""},"categories":[18826,1170],"tags":[],"vendi":[],"content_country":[31835,31838,31840],"class_list":["post-730614","post","type-post","status-publish","format-standard","has-post-thumbnail","hentry","category-lajme-jeta-ne-zvicer-fr","category-vivre-en-suisse","content_country-austria-fr","content_country-germany-fr","content_country-zvicer-fr"],"acf":[],"_links":{"self":[{"href":"https:\/\/www.albinfo.at\/fr\/wp-json\/wp\/v2\/posts\/730614","targetHints":{"allow":["GET"]}}],"collection":[{"href":"https:\/\/www.albinfo.at\/fr\/wp-json\/wp\/v2\/posts"}],"about":[{"href":"https:\/\/www.albinfo.at\/fr\/wp-json\/wp\/v2\/types\/post"}],"author":[{"embeddable":true,"href":"https:\/\/www.albinfo.at\/fr\/wp-json\/wp\/v2\/users\/4"}],"replies":[{"embeddable":true,"href":"https:\/\/www.albinfo.at\/fr\/wp-json\/wp\/v2\/comments?post=730614"}],"version-history":[{"count":0,"href":"https:\/\/www.albinfo.at\/fr\/wp-json\/wp\/v2\/posts\/730614\/revisions"}],"wp:featuredmedia":[{"embeddable":true,"href":"https:\/\/www.albinfo.at\/fr\/wp-json\/wp\/v2\/media\/698613"}],"wp:attachment":[{"href":"https:\/\/www.albinfo.at\/fr\/wp-json\/wp\/v2\/media?parent=730614"}],"wp:term":[{"taxonomy":"category","embeddable":true,"href":"https:\/\/www.albinfo.at\/fr\/wp-json\/wp\/v2\/categories?post=730614"},{"taxonomy":"post_tag","embeddable":true,"href":"https:\/\/www.albinfo.at\/fr\/wp-json\/wp\/v2\/tags?post=730614"},{"taxonomy":"vendi","embeddable":true,"href":"https:\/\/www.albinfo.at\/fr\/wp-json\/wp\/v2\/vendi?post=730614"},{"taxonomy":"content_country","embeddable":true,"href":"https:\/\/www.albinfo.at\/fr\/wp-json\/wp\/v2\/content_country?post=730614"}],"curies":[{"name":"wp","href":"https:\/\/api.w.org\/{rel}","templated":true}]}}