{"id":729422,"date":"2024-04-11T20:50:35","date_gmt":"2024-04-11T18:50:35","guid":{"rendered":"https:\/\/www.albinfo.ch\/?p=729422"},"modified":"2024-04-11T20:50:35","modified_gmt":"2024-04-11T18:50:35","slug":"la-suisse-accueillera-une-conference-de-paix-sur-lukraine-en-juin","status":"publish","type":"post","link":"https:\/\/www.albinfo.at\/fr\/la-suisse-accueillera-une-conference-de-paix-sur-lukraine-en-juin\/","title":{"rendered":"La Suisse accueillera une conf\u00e9rence de paix sur l&#8217;Ukraine en juin"},"content":{"rendered":"<p><strong>\u00a0Lors de sa s\u00e9ance du 10 avril 2024, le Conseil f\u00e9d\u00e9ral a pris connaissance des r\u00e9sultats des discussions exploratoires organis\u00e9es en amont de la conf\u00e9rence de haut niveau sur la paix en Ukraine. Les conditions pour que la conf\u00e9rence puisse impulser un processus de paix sont remplies dans une mesure suffisante. Dans un premier temps, il s\u2019agira de d\u00e9velopper une compr\u00e9hension commune parmi les \u00c9tats participants concernant la voie \u00e0 suivre en faveur d\u2019une paix globale, juste et durable en Ukraine. La conf\u00e9rence devrait avoir lieu en juin 2024 au B\u00fcrgenstock (canton de Nidwald).<\/strong><\/p>\n<p>En janvier 2024, la pr\u00e9sidente de la Conf\u00e9d\u00e9ration Viola Amherd a re\u00e7u le pr\u00e9sident ukrainien Volodymyr Zelensky pour des entretiens \u00e0 Berne. Elle avait alors assur\u00e9 le pr\u00e9sident Zelensky de son soutien concernant l\u2019organisation en Suisse d\u2019une conf\u00e9rence de paix de haut niveau. Entre-temps, la Conf\u00e9d\u00e9ration a donc examin\u00e9, dans le cadre de contacts directs avec de nombreux \u00c9tats, les possibilit\u00e9s et les voies susceptibles de mener \u00e0 un processus de paix. Lors d\u2019une premi\u00e8re phase exploratoire, la Suisse a men\u00e9 des entretiens avec des membres du G7, avec l\u2019UE ainsi qu\u2019avec des repr\u00e9sentants de pays du Sud comme la Chine, l\u2019Inde, l\u2019Afrique du Sud, le Br\u00e9sil, l\u2019\u00c9thiopie et l\u2019Arabie saoudite. Lors de sa s\u00e9ance d\u2019aujourd\u2019hui, le Conseil f\u00e9d\u00e9ral a pris connaissance des r\u00e9sultats de ces entretiens et discut\u00e9 des prochaines \u00e9tapes. L\u2019id\u00e9e d\u2019organiser une conf\u00e9rence de haut niveau pour lancer le processus de paix recueille une adh\u00e9sion suffisamment importante au niveau international. La conf\u00e9rence devrait donc se tenir en juin 2024 au B\u00fcrgenstock, \u00e0 l\u2019invitation de la pr\u00e9sidente de la Conf\u00e9d\u00e9ration Viola Amherd.<\/p>\n<p>La conf\u00e9rence doit servir de plateforme de dialogue de haut niveau pour identifier les voies susceptibles de mener \u00e0 une paix globale, juste et durable pour l\u2019Ukraine, fond\u00e9e sur le droit international et la Charte des Nations Unies. Elle vise \u00e0 d\u00e9velopper une compr\u00e9hension commune des conditions propres \u00e0 favoriser la r\u00e9alisation de cet objectif et \u00e0 d\u00e9boucher sur une feuille de route concr\u00e8te pour le processus de paix.<\/p>\n<p>Le Conseil f\u00e9d\u00e9ral est conscient qu\u2019il existe encore quelques inconnues d\u2019ici au mois de juin, mais il consid\u00e8re qu\u2019il est de sa responsabilit\u00e9 de contribuer au processus de paix en Ukraine, compte tenu de la longue tradition diplomatique de la Suisse et des r\u00e9actions encourageantes observ\u00e9es pendant la phase exploratoire. La phase exploratoire est ainsi termin\u00e9e et la phase de mise en \u0153uvre est lanc\u00e9e.<\/p>\n<p>Une task force du DFAE, dirig\u00e9e par l\u2019ambassadeur Gabriel L\u00fcchinger, et un groupe de pilotage interd\u00e9partemental (DFAE, DDPS, DFJP et DEFR), plac\u00e9 sous la direction du conseiller f\u00e9d\u00e9ral Ignazio Cassis, sont charg\u00e9s de la pr\u00e9paration de l\u2019\u00e9v\u00e9nement. La task force travaille \u00e9galement sur les aspects de politique de s\u00e9curit\u00e9 et de logistique, en contact \u00e9troit avec les autorit\u00e9s f\u00e9d\u00e9rales comp\u00e9tentes et l\u2019arm\u00e9e, ainsi qu\u2019avec les cantons de Nidwald, Lucerne et Zurich.<\/p>\n<p><a href=\"https:\/\/www.admin.ch\/gov\/fr\/accueil\/documentation\/communiques.msg-id-100676.html\">\/admin.ch\/<\/a><\/p>\n","protected":false},"excerpt":{"rendered":"<p>\u00a0Lors de sa s\u00e9ance du 10 avril 2024, le Conseil f\u00e9d\u00e9ral a pris connaissance des r\u00e9sultats des discussions exploratoires organis\u00e9es en amont de la conf\u00e9rence de haut niveau sur la paix en Ukraine. Les conditions pour que la conf\u00e9rence puisse impulser un processus de paix sont remplies dans une mesure suffisante. Dans un premier temps, [&hellip;]<\/p>\n","protected":false},"author":6,"featured_media":607037,"comment_status":"closed","ping_status":"closed","sticky":false,"template":"","format":"standard","meta":{"footnotes":""},"categories":[1187,18826,24630,1170],"tags":[],"vendi":[],"content_country":[31835,31838,31840],"class_list":["post-729422","post","type-post","status-publish","format-standard","has-post-thumbnail","hentry","category-breves","category-lajme-jeta-ne-zvicer-fr","category-nouvelles","category-vivre-en-suisse","content_country-austria-fr","content_country-germany-fr","content_country-zvicer-fr"],"acf":[],"_links":{"self":[{"href":"https:\/\/www.albinfo.at\/fr\/wp-json\/wp\/v2\/posts\/729422","targetHints":{"allow":["GET"]}}],"collection":[{"href":"https:\/\/www.albinfo.at\/fr\/wp-json\/wp\/v2\/posts"}],"about":[{"href":"https:\/\/www.albinfo.at\/fr\/wp-json\/wp\/v2\/types\/post"}],"author":[{"embeddable":true,"href":"https:\/\/www.albinfo.at\/fr\/wp-json\/wp\/v2\/users\/6"}],"replies":[{"embeddable":true,"href":"https:\/\/www.albinfo.at\/fr\/wp-json\/wp\/v2\/comments?post=729422"}],"version-history":[{"count":0,"href":"https:\/\/www.albinfo.at\/fr\/wp-json\/wp\/v2\/posts\/729422\/revisions"}],"wp:featuredmedia":[{"embeddable":true,"href":"https:\/\/www.albinfo.at\/fr\/wp-json\/wp\/v2\/media\/607037"}],"wp:attachment":[{"href":"https:\/\/www.albinfo.at\/fr\/wp-json\/wp\/v2\/media?parent=729422"}],"wp:term":[{"taxonomy":"category","embeddable":true,"href":"https:\/\/www.albinfo.at\/fr\/wp-json\/wp\/v2\/categories?post=729422"},{"taxonomy":"post_tag","embeddable":true,"href":"https:\/\/www.albinfo.at\/fr\/wp-json\/wp\/v2\/tags?post=729422"},{"taxonomy":"vendi","embeddable":true,"href":"https:\/\/www.albinfo.at\/fr\/wp-json\/wp\/v2\/vendi?post=729422"},{"taxonomy":"content_country","embeddable":true,"href":"https:\/\/www.albinfo.at\/fr\/wp-json\/wp\/v2\/content_country?post=729422"}],"curies":[{"name":"wp","href":"https:\/\/api.w.org\/{rel}","templated":true}]}}