{"id":729409,"date":"2024-04-11T20:02:45","date_gmt":"2024-04-11T18:02:45","guid":{"rendered":"https:\/\/www.albinfo.ch\/?p=729409"},"modified":"2024-04-11T20:02:45","modified_gmt":"2024-04-11T18:02:45","slug":"la-suisse-reprend-les-renes-de-la-compagnie-de-transport-de-la-kfor","status":"publish","type":"post","link":"https:\/\/www.albinfo.at\/fr\/la-suisse-reprend-les-renes-de-la-compagnie-de-transport-de-la-kfor\/","title":{"rendered":"\u00a0La Suisse reprend les r\u00eanes de la compagnie de transport de la KFOR"},"content":{"rendered":"<p><strong>La rel\u00e8ve du 49e par le 50e contingent de la Swisscoy a lieu aujourd\u2019hui au Kosovo. Le nouveau contingent commence son engagement sous le commandement du colonel Cyrus Wagner, avec un effectif renforc\u00e9 de 215 militaires. Ces forces suppl\u00e9mentaires permettent \u00e0 la Suisse de reprendre la conduite de la compagnie de transport multinationale de la KFOR et d\u2019augmenter ainsi sa contribution \u00e0 la s\u00e9curit\u00e9 et \u00e0 la stabilit\u00e9 dans les Balkans occidentaux. Plus de 80 pour cent des militaires suisses sont d\u00e9sormais directement attribu\u00e9s \u00e0 la KFOR pour accomplir la mission du point de vue op\u00e9rationnel.<\/strong><\/p>\n<p>L\u2019an dernier, de nombreux \u00e9v\u00e9nements se sont produits dans les r\u00e9gions d\u2019engagement de la promotion militaire de la paix partout dans le monde, y compris au Kosovo. Les incidents qui ont \u00e9clat\u00e9 dans le nord du pays en mai 2023 d\u00e9montrent une nouvelle fois la fragilit\u00e9 de la situation. Dans ce contexte, la KFOR continue de jouer un r\u00f4le d\u00e9cisif de garante de la s\u00e9curit\u00e9 et de la stabilit\u00e9 de la r\u00e9gion, ce qui est important pour notre pays en mati\u00e8re de politique de s\u00e9curit\u00e9.<\/p>\n<h2>La Suisse \u00e0 la t\u00eate du commandement de la compagnie de transport de la KFOR<\/h2>\n<p>Le changement de contingent d\u2019aujourd\u2019hui met en \u0153uvre le renforcement de la Swisscoy d\u00e9cid\u00e9 par le Conseil f\u00e9d\u00e9ral et le Parlement. Avec 20 militaires suppl\u00e9mentaires, la Suisse augmente consid\u00e9rablement sa contribution au sein de la compagnie de transport multinationale de la KFOR. Cette compagnie fournit des prestations essentielles dans le domaine des transports de personnes et de mat\u00e9riel pour l\u2019ensemble de la mission.<\/p>\n<p>Dans le cadre du renforcement du contingent, les forces arm\u00e9es autrichiennes ont remis \u00e0 la Suisse le commandement de cette compagnie multinationale le 9 mars 2024 d\u00e9j\u00e0. La reprise de la compagnie de transport permet \u00e0 notre pays de renforcer son engagement au profit de l\u2019OTAN dans le cadre de la KFOR et d\u2019aider la mission \u00e0 s\u2019adapter aux nouvelles conditions en mati\u00e8re de s\u00e9curit\u00e9 dans la r\u00e9gion. La Suisse contribue ainsi aux efforts de stabilisation dans les Balkans occidentaux et assume ses responsabilit\u00e9s en tant que membre de la communaut\u00e9 internationale. Les jeunes cadres militaires ont en outre la possibilit\u00e9 d\u2019assumer des t\u00e2ches de conduite dans un engagement multinational, par exemple comme commandant de compagnie, et d\u2019acqu\u00e9rir de pr\u00e9cieuses exp\u00e9riences. L\u2019arm\u00e9e tire \u00e9galement profit de cette situation en d\u00e9veloppant ses capacit\u00e9s et ses comp\u00e9tences.<br \/>\nEn cons\u00e9quence, la part OPCON, c\u2019est-\u00e0-dire la proportion d\u2019\u00e9l\u00e9ments suisses qui sont directement attribu\u00e9s \u00e0 la KFOR pour remplir le mandat op\u00e9rationnel, progresse et d\u00e9passe d\u00e9sormais 80 pour cent.<\/p>\n<h2>Centre de comp\u00e9tences SWISSINT<\/h2>\n<p>La promotion de la paix sur le plan international est l\u2019une des trois missions de l\u2019Arm\u00e9e suisse. Actuellement, ce sont environ 300 hommes et femmes, du simple soldat au divisionnaire, qui s\u2019engagent en faveur de la paix dans 18 pays. En tant qu\u2019organe de commandement national, le centre de comp\u00e9tences SWISSINT de l\u2019arm\u00e9e est responsable de la planification, de la pr\u00e9paration et de la conduite de tous les contingents militaires suisses et du personnel engag\u00e9 individuellement dans un engagement de promotion de la paix \u00e0 l\u2019\u00e9tranger.<\/p>\n<p>&nbsp;<\/p>\n<p><a href=\"https:\/\/www.admin.ch\/gov\/fr\/accueil\/documentation\/communiques.msg-id-100694.html\">\/admin.ch\/<\/a><\/p>\n","protected":false},"excerpt":{"rendered":"<p>La rel\u00e8ve du 49e par le 50e contingent de la Swisscoy a lieu aujourd\u2019hui au Kosovo. Le nouveau contingent commence son engagement sous le commandement du colonel Cyrus Wagner, avec un effectif renforc\u00e9 de 215 militaires. Ces forces suppl\u00e9mentaires permettent \u00e0 la Suisse de reprendre la conduite de la compagnie de transport multinationale de la [&hellip;]<\/p>\n","protected":false},"author":6,"featured_media":554909,"comment_status":"closed","ping_status":"closed","sticky":false,"template":"","format":"standard","meta":{"footnotes":""},"categories":[3949,18826,1159,1170],"tags":[],"vendi":[],"content_country":[31835,31838,31840],"class_list":["post-729409","post","type-post","status-publish","format-standard","has-post-thumbnail","hentry","category-kosova-fr","category-lajme-jeta-ne-zvicer-fr","category-ch-balkans","category-vivre-en-suisse","content_country-austria-fr","content_country-germany-fr","content_country-zvicer-fr"],"acf":[],"_links":{"self":[{"href":"https:\/\/www.albinfo.at\/fr\/wp-json\/wp\/v2\/posts\/729409","targetHints":{"allow":["GET"]}}],"collection":[{"href":"https:\/\/www.albinfo.at\/fr\/wp-json\/wp\/v2\/posts"}],"about":[{"href":"https:\/\/www.albinfo.at\/fr\/wp-json\/wp\/v2\/types\/post"}],"author":[{"embeddable":true,"href":"https:\/\/www.albinfo.at\/fr\/wp-json\/wp\/v2\/users\/6"}],"replies":[{"embeddable":true,"href":"https:\/\/www.albinfo.at\/fr\/wp-json\/wp\/v2\/comments?post=729409"}],"version-history":[{"count":0,"href":"https:\/\/www.albinfo.at\/fr\/wp-json\/wp\/v2\/posts\/729409\/revisions"}],"wp:featuredmedia":[{"embeddable":true,"href":"https:\/\/www.albinfo.at\/fr\/wp-json\/wp\/v2\/media\/554909"}],"wp:attachment":[{"href":"https:\/\/www.albinfo.at\/fr\/wp-json\/wp\/v2\/media?parent=729409"}],"wp:term":[{"taxonomy":"category","embeddable":true,"href":"https:\/\/www.albinfo.at\/fr\/wp-json\/wp\/v2\/categories?post=729409"},{"taxonomy":"post_tag","embeddable":true,"href":"https:\/\/www.albinfo.at\/fr\/wp-json\/wp\/v2\/tags?post=729409"},{"taxonomy":"vendi","embeddable":true,"href":"https:\/\/www.albinfo.at\/fr\/wp-json\/wp\/v2\/vendi?post=729409"},{"taxonomy":"content_country","embeddable":true,"href":"https:\/\/www.albinfo.at\/fr\/wp-json\/wp\/v2\/content_country?post=729409"}],"curies":[{"name":"wp","href":"https:\/\/api.w.org\/{rel}","templated":true}]}}