{"id":723363,"date":"2024-03-19T23:59:40","date_gmt":"2024-03-19T22:59:40","guid":{"rendered":"https:\/\/www.albinfo.ch\/?p=723363"},"modified":"2024-03-20T00:10:25","modified_gmt":"2024-03-19T23:10:25","slug":"immobilier-investissements-et-finances-le-premier-forum-suisso-albanais-a-geneve","status":"publish","type":"post","link":"https:\/\/www.albinfo.at\/fr\/immobilier-investissements-et-finances-le-premier-forum-suisso-albanais-a-geneve\/","title":{"rendered":"Immobilier, investissements et finances: le premier forum suisso-albanais \u00e0 Gen\u00e8ve"},"content":{"rendered":"<p><em>Le but de ce sommet est de r\u00e9unir et resauter des entrepreneurs suisses et albanais du secteur de l\u2019immobilier et de la finance en Suisse, au Kosovo et en Albanie.<\/em><\/p>\n<p><strong><em>\u00a0<\/em><\/strong>A l\u2019occasion de cet \u00e9v\u00e8nement important vous aurez l&#8217;opportunit\u00e9 de rencontrer des professionnels performants suisses et albanais dans les secteurs de l&#8217;immobilier, de l&#8217;investissement et de la finance ainsi que des entreprises innovantes cr\u00e9\u00e9es par des albano-suisses dans ces domaines.<\/p>\n<p>Dans les diff\u00e9rents panels, des sp\u00e9cialistes de la finance pr\u00e9senteront \u00e9galement leurs solutions innovantes et partageront leurs exp\u00e9riences devant une parterre de plus de 200 entrepreneurs de Suisse, du Kosovo, d&#8217;Albanie et d\u2019autres r\u00e9gions albanaises de l\u2019Europe du Sud-Est.<\/p>\n<p>L&#8217;objectif de ce premier \u00e9v\u00e9nement \u00e0 Gen\u00e8ve est de faire un \u00e9tat des lieux des activit\u00e9s et aboutissements dans ces domaines, au niveau de la diaspora albanaise en Suisse romande, de mettre en r\u00e9seau les entreprises suisses et albanaise actives dans ces secteurs, et aussi d&#8217;explorer de nouvelles opportunit\u00e9s de d\u00e9veloppement ou d&#8217;investissement en Suisse ou au Kosovo, en Albanie, ainsi que dans d&#8217;autres pays des Balkans.<\/p>\n<p>Cet \u00e9v\u00e9nement mettra en avant pour la premi\u00e8re fois les personnalit\u00e9s les plus influentes du secteur de l&#8217;immobilier, de l&#8217;investissement et de la finance issues de la diaspora albanaise en Suisse.<\/p>\n<p>Dans ce Forum, plusieurs panels auront lieu et \u00e0 la fin, ainsi que des rencontres B2B, suivi d\u2019un ap\u00e9ritif dinatoire.<\/p>\n<p>Pour r\u00e9server la place, cliquez sur le lien :\u00a0:<a href=\"https:\/\/eventfrog.ch\/de\/p\/fuehrungen-vortraege\/business-treff\/patundshmeri-investime-dhe-financa-7173946311313455121.html\">Patundshm\u00ebri, investime dhe financa | F\u00fchrungen &amp; Vortr\u00e4ge | Business-Treff | 19.04.2024 (eventfrog.ch)<\/a><\/p>\n<p>Le programme de ce forum sera rendu public tr\u00e8s prochainement.<\/p>\n<p>Le sponsor m\u00e9dia de cet important \u00e9v\u00e9nement en Suisse romande est la plateforme m\u00e9dia albinfo.ch<\/p>\n<p>&nbsp;<\/p>\n<p>&nbsp;<\/p>\n","protected":false},"excerpt":{"rendered":"<p>Pour la premi\u00e8re fois, le Forum helv\u00e9tico-albanais se tiendra \u00e0 Gen\u00e8ve le 19 avril et se concentrera sur l&#8217;immobilier, les investissements et la finance. Le but de cette rencontre est de r\u00e9unir les entrepreneurs Suisses et Albanais du secteur de l\u2019immobilier, de la finance et en Suisse, au Kosovo, en Albanie et dans les autres r\u00e9gions albanaises dans les pays des Balkans<\/p>\n","protected":false},"author":6,"featured_media":723365,"comment_status":"closed","ping_status":"closed","sticky":false,"template":"","format":"standard","meta":{"footnotes":""},"categories":[34498,3980,1164,3979,8183,1163,1182,1411,2014],"tags":[],"vendi":[31845],"content_country":[31840],"class_list":["post-723363","post","type-post","status-publish","format-standard","has-post-thumbnail","hentry","category-evente-fr","category-portrait-des-entreprises","category-integration-fr","category-entreprises-cat","category-finances-fr","category-fr-e-diaspora","category-agenda","category-newsletter-fr","category-newsletter-media-fr","vendi-geneve","content_country-zvicer-fr"],"acf":[],"_links":{"self":[{"href":"https:\/\/www.albinfo.at\/fr\/wp-json\/wp\/v2\/posts\/723363","targetHints":{"allow":["GET"]}}],"collection":[{"href":"https:\/\/www.albinfo.at\/fr\/wp-json\/wp\/v2\/posts"}],"about":[{"href":"https:\/\/www.albinfo.at\/fr\/wp-json\/wp\/v2\/types\/post"}],"author":[{"embeddable":true,"href":"https:\/\/www.albinfo.at\/fr\/wp-json\/wp\/v2\/users\/6"}],"replies":[{"embeddable":true,"href":"https:\/\/www.albinfo.at\/fr\/wp-json\/wp\/v2\/comments?post=723363"}],"version-history":[{"count":0,"href":"https:\/\/www.albinfo.at\/fr\/wp-json\/wp\/v2\/posts\/723363\/revisions"}],"wp:featuredmedia":[{"embeddable":true,"href":"https:\/\/www.albinfo.at\/fr\/wp-json\/wp\/v2\/media\/723365"}],"wp:attachment":[{"href":"https:\/\/www.albinfo.at\/fr\/wp-json\/wp\/v2\/media?parent=723363"}],"wp:term":[{"taxonomy":"category","embeddable":true,"href":"https:\/\/www.albinfo.at\/fr\/wp-json\/wp\/v2\/categories?post=723363"},{"taxonomy":"post_tag","embeddable":true,"href":"https:\/\/www.albinfo.at\/fr\/wp-json\/wp\/v2\/tags?post=723363"},{"taxonomy":"vendi","embeddable":true,"href":"https:\/\/www.albinfo.at\/fr\/wp-json\/wp\/v2\/vendi?post=723363"},{"taxonomy":"content_country","embeddable":true,"href":"https:\/\/www.albinfo.at\/fr\/wp-json\/wp\/v2\/content_country?post=723363"}],"curies":[{"name":"wp","href":"https:\/\/api.w.org\/{rel}","templated":true}]}}