{"id":72231,"date":"2015-01-23T18:02:22","date_gmt":"2015-01-23T17:02:22","guid":{"rendered":"http:\/\/www.albinfo.ch\/?p=72231"},"modified":"2015-01-26T12:08:35","modified_gmt":"2015-01-26T11:08:35","slug":"skenderademi-2","status":"publish","type":"post","link":"https:\/\/www.albinfo.at\/fr\/skenderademi-2\/","title":{"rendered":"Skender Ademi, le chauffeur le plus appr\u00e9ci\u00e9 par les passagers"},"content":{"rendered":"<p>Plus de 60% des citoyens ayant pris part au vote dans la r\u00e9gion Freising ont choisi Skender Ademi comme le chauffeur de bus le plus aimable. L\u2019Albanais de 45 ans, originaire du Kosovo, remplit toutes les conditions du chauffeur id\u00e9al, pr\u00eat \u00e0 aider et toujours souriant. Il lui arrive fr\u00e9quemment d\u2019aider des personnes \u00e2g\u00e9es \u00e0 porter leurs valises ou m\u00eame \u00e0 monter dans le bus, ce qui n\u2019est pas pass\u00e9 inaper\u00e7u aupr\u00e8s des autres voyageurs.<\/p>\n<p>Dans de tels cas, il lui arrive m\u00eame d\u2019\u00eatre applaudi par les passagers. 700 d\u2019entre eux ont vot\u00e9 dans le cadre d\u2019un sondage propos\u00e9 par l\u2019organisation du trafic de M\u00fcnich et le journal \u00ab\u00a0Suddeutsche Zeitung\u00a0\u00bb dans le but de d\u00e9signer le meilleur chauffeur des lignes de bus desservant la partie ext\u00e9rieure de la ville de M\u00fcnich. Les crit\u00e8res \u00e0 remplirent furent l\u2019accueil, la ponctualit\u00e9, le style de conduite etc\u2026 De plus, le chauffeur doit \u00eatre d\u00e9vou\u00e9 \u00e0 dans n\u2019importe quelle situation.<\/p>\n<p>Skender Ademi poss\u00e8de toutes ces qualit\u00e9s, selon plus de 60% des sond\u00e9s. Skender est charg\u00e9 de la ligne Freising \u2013 A\u00e9roport, num\u00e9ro 635 et est appr\u00e9ci\u00e9 autant par les passagers que les employ\u00e9s de l\u2019a\u00e9roport. Il aime beaucoup la profession de chauffeur qu\u2019il qualifie de \u00ab\u00a0profession de r\u00eave\u00a0\u00bb. La ponctualit\u00e9 au niveau du temps, explique Skenderi, est tr\u00e8s importante, non seulement pour les voyageurs mais pour lui \u00e9galement.<\/p>\n<p>Le chauffeur le plus appr\u00e9ci\u00e9 de la r\u00e9gion vient du Kosovo, o\u00f9 il a fait des \u00e9tudes en machinerie. Mais, apr\u00e8s deux semestres, et en raison de la guerre, il lui a fallu interrompre ses \u00e9tudes afin de migrer en Allemagne, o\u00f9 il vit avec sa femme et ses deux enfants. Apr\u00e8s avoir travaill\u00e9 dans la construction, il travaille maintenant en tant que chauffeur de bus, depuis 3 ans et demi. Aujourd\u2019hui, son \u00ab\u00a0\u00e9lection\u00a0\u00bb au rang de meilleur chauffeur arrive comme une r\u00e9compenses m\u00e9rit\u00e9e pour son travail et \u00e0 son engagement sans limite.<\/p>\n","protected":false},"excerpt":{"rendered":"<p>700 personnes ont vot\u00e9 dans le cadre d&#8217;un sondage propos\u00e9 par l\u2019organisation du trafic de M\u00fcnich \u00ab S\u00fcdddeutesche Zeitung \u00bb pour \u00e9lire le meilleur chauffeur des itin\u00e9raires en dehors de la ville de M\u00fcnich.<\/p>\n","protected":false},"author":4,"featured_media":72073,"comment_status":"open","ping_status":"open","sticky":false,"template":"","format":"standard","meta":{"footnotes":""},"categories":[1164,1163],"tags":[1425],"vendi":[],"content_country":[],"class_list":["post-72231","post","type-post","status-publish","format-standard","has-post-thumbnail","hentry","category-integration-fr","category-fr-e-diaspora","tag-gjermani-fr"],"acf":[],"_links":{"self":[{"href":"https:\/\/www.albinfo.at\/fr\/wp-json\/wp\/v2\/posts\/72231","targetHints":{"allow":["GET"]}}],"collection":[{"href":"https:\/\/www.albinfo.at\/fr\/wp-json\/wp\/v2\/posts"}],"about":[{"href":"https:\/\/www.albinfo.at\/fr\/wp-json\/wp\/v2\/types\/post"}],"author":[{"embeddable":true,"href":"https:\/\/www.albinfo.at\/fr\/wp-json\/wp\/v2\/users\/4"}],"replies":[{"embeddable":true,"href":"https:\/\/www.albinfo.at\/fr\/wp-json\/wp\/v2\/comments?post=72231"}],"version-history":[{"count":0,"href":"https:\/\/www.albinfo.at\/fr\/wp-json\/wp\/v2\/posts\/72231\/revisions"}],"wp:featuredmedia":[{"embeddable":true,"href":"https:\/\/www.albinfo.at\/fr\/wp-json\/wp\/v2\/media\/72073"}],"wp:attachment":[{"href":"https:\/\/www.albinfo.at\/fr\/wp-json\/wp\/v2\/media?parent=72231"}],"wp:term":[{"taxonomy":"category","embeddable":true,"href":"https:\/\/www.albinfo.at\/fr\/wp-json\/wp\/v2\/categories?post=72231"},{"taxonomy":"post_tag","embeddable":true,"href":"https:\/\/www.albinfo.at\/fr\/wp-json\/wp\/v2\/tags?post=72231"},{"taxonomy":"vendi","embeddable":true,"href":"https:\/\/www.albinfo.at\/fr\/wp-json\/wp\/v2\/vendi?post=72231"},{"taxonomy":"content_country","embeddable":true,"href":"https:\/\/www.albinfo.at\/fr\/wp-json\/wp\/v2\/content_country?post=72231"}],"curies":[{"name":"wp","href":"https:\/\/api.w.org\/{rel}","templated":true}]}}