{"id":701208,"date":"2023-12-21T22:35:58","date_gmt":"2023-12-21T21:35:58","guid":{"rendered":"https:\/\/www.albinfo.ch\/?p=701208"},"modified":"2023-12-21T22:35:58","modified_gmt":"2023-12-21T21:35:58","slug":"lambassadeur-sprecher-jaime-le-kosovo-ses-gens-et-son-atmosphere","status":"publish","type":"post","link":"https:\/\/www.albinfo.at\/fr\/lambassadeur-sprecher-jaime-le-kosovo-ses-gens-et-son-atmosphere\/","title":{"rendered":"L\u2019ambassadeur Sprecher : j\u2019aime le Kosovo, ses gens et son atmosph\u00e8re"},"content":{"rendered":"<p>Le magazine Albinfo.ch, a r\u00e9alis\u00e9 un entretien exclusif dans son num\u00e9ro sp\u00e9cial avec le nouvel ambassadeur de Suisse au Kosovo, M. J\u00fcrg Sprecher.<\/p>\n<p>Cela fait maintenant pr\u00e8s de 16 ans que les relations diplomatiques entre le Kosovo et la Suisse sont en place. La Suisse est sans aucun doute un alli\u00e9 dans le d\u00e9veloppement de l&#8217;\u00c9tat du Kosovo tant du point de vue politique, \u00e9ducatif et culturel que des investissements, notamment avec les envois de fonds de la diaspora albanaise.<\/p>\n<p>Apr\u00e8s la fin de la mission diplomatique de plusieurs ann\u00e9es de l&#8217;ambassadeur M. Thomas Kolly, il y a presque un mois, c\u2019est M. J\u00fcrg Sprecher qui a \u00e9t\u00e9 nomm\u00e9 ambassadeur extraordinaire et pl\u00e9nipotentiaire aupr\u00e8s de la R\u00e9publique du Kosovo, avec r\u00e9sidence \u00e0 Pristina.<\/p>\n<p>Nous avons parl\u00e9 avec M. Sprecher sur divers sujets, li\u00e9s \u00e0 son nouveau poste, l&#8217;acclimatation avec le Kosovo, les relations diplomatiques entre les deux pays, la diaspora albanaise en Suisse, les investissements et les visas d\u00e9livr\u00e9s pour 2023.<\/p>\n<p><strong>Albinfo.ch : Monsieur Sprecher, vous avez \u00e9t\u00e9 nomm\u00e9 il y a quelques jours ambassadeur de Suisse au Kosovo, quelle a \u00e9t\u00e9 votre premi\u00e8re impression du Kosovo ?<\/strong><\/p>\n<p>J\u00fcrg Sprecher : Mes d\u00e9buts \u00e0 Pristina ont \u00e9t\u00e9 excellents. Le 2 novembre, j&#8217;ai pu pr\u00e9senter mes lettres de cr\u00e9ance au Pr\u00e9sident. Le Conseil f\u00e9d\u00e9ral, par cette lettre officielle, annonce les ambassadeurs aupr\u00e8s des autres gouvernements concern\u00e9s.<\/p>\n<p>Le fait que nous ayons \u00e9t\u00e9 re\u00e7us si rapidement par la pr\u00e9sidente Osmani \u2013 moins de 24 heures apr\u00e8s notre arriv\u00e9e \u2013 montre \u00e0 quel point la Suisse est appr\u00e9ci\u00e9e ici au Kosovo et \u00e0 quel point nos relations sont \u00e9troites.<\/p>\n<p>Depuis, j&#8217;ai d\u00e9j\u00e0 eu l&#8217;occasion de conna\u00eetre un peu le Kosovo et ses habitants et je dois dire qu\u2019il y a ici une atmosph\u00e8re particuli\u00e8re que j&#8217;aime beaucoup. J&#8217;ai \u00e9galement h\u00e2te de travailler avec la fantastique \u00e9quipe de l&#8217;ambassade de Suisse.<\/p>\n<p><strong>Albinfo.ch : Bien qu&#8217;il soit encore tr\u00e8s t\u00f4t, dans quelle mesure vous \u00eates-vous int\u00e9gr\u00e9 \u00e0 la vie et aux gens du Kosovo depuis que vous avez \u00e9t\u00e9 nomm\u00e9 ambassadeur de Suisse au Kosovo ?<\/strong><\/p>\n<p>J\u00fcrg Sprecher : Apr\u00e8s trois semaines, on ne peut toujours pas r\u00e9ellement parler d&#8217;int\u00e9gration. Comme je l&#8217;ai dit, je commence tout juste \u00e0 d\u00e9couvrir le nouveau monde qui s&#8217;ouvre \u00e0 moi ici.<\/p>\n<p>M\u00eame si je savais \u00e0 quel point les relations entre nos deux pays et nos peuples sont \u00e9troites \u00e0 travers la diaspora kosovare, je suis toujours impressionn\u00e9 par le lien et par le fait qu&#8217;on peut parfois entendre le suisse allemand dans les rues de Pristina.<\/p>\n<p><strong>Albinfo.ch : Cela fait presque 16 ans de relations diplomatiques entre la Suisse et le Kosovo, comment \u00e9valuez-vous la relation entre ces deux pays au fil des ann\u00e9es ?<\/strong><\/p>\n<p>J\u00fcrg Sprecher : \u00c0 partir des ann\u00e9es 1960, la Suisse recrutait des travailleurs de la r\u00e9gion. Dans le chaos des conflits des ann\u00e9es 1990, des dizaines de milliers de personnes ont fui et sont arriv\u00e9es en Suisse en tant que r\u00e9fugi\u00e9s.<\/p>\n<p>Lors du conflit de 1998-99, la Suisse a fourni une aide humanitaire et mis en place des programmes pour le retour et la r\u00e9int\u00e9gration des r\u00e9fugi\u00e9s et des personnes d\u00e9plac\u00e9es. Ces activit\u00e9s ont depuis \u00e9t\u00e9 remplac\u00e9es par des programmes de reconstruction et de d\u00e9veloppement.<\/p>\n<p>La Suisse a reconnu le Kosovo le 27 f\u00e9vrier 2008, dix jours apr\u00e8s la d\u00e9claration d&#8217;ind\u00e9pendance, et a \u00e9tabli des relations diplomatiques et consulaires. Depuis lors, ces relations se sont encore approfondies et \u00e9tendues \u00e0 un large \u00e9ventail de domaines de coop\u00e9ration. Je suis heureux que mon \u00e9quipe et moi puissions contribuer \u00e0 l\u2019approfondissement de cette relation.<\/p>\n<p><strong>Albinfo.ch : La diaspora albanaise en Suisse joue un r\u00f4le important dans l&#8217;\u00c9tat suisse par son travail, mais aussi, plus encore, dans l&#8217;\u00e9conomie kosovare, notamment par les envois de fonds vers leur pays d&#8217;origine. Que pensez-vous de la contribution des Kosovars en Suisse et au Kosovo ?<\/strong><\/p>\n<p>J\u00fcrg Sprecher: La diaspora kosovare constitue la plus grande communaut\u00e9 d&#8217;\u00e9trangers en Suisse apr\u00e8s les citoyens des pays de l&#8217;UE\/AELE. En cons\u00e9quence, ils jouent un r\u00f4le important non seulement dans l\u2019\u00e9conomie, mais aussi dans le sport, la culture et la politique.<\/p>\n<p>Le fait que cela ait un impact sur le Kosovo est \u00e0 la fois naturel et bienvenu. On estime que la Suisse est le deuxi\u00e8me pays d&#8217;origine (apr\u00e8s l&#8217;Allemagne) des exp\u00e9ditions vers le Kosovo. Les envois de fonds en provenance de Suisse repr\u00e9sentent environ 2,5 % du PIB du Kosovo.<\/p>\n<p><strong>Albinfo.ch : \u00c9tant donn\u00e9 que la Suisse est le deuxi\u00e8me investisseur au Kosovo, <\/strong><strong>cela signifie-t-il que <\/strong><strong>le Kosovo est-il attractif selon vous pour investir ?<\/strong><\/p>\n<p>J\u00fcrg Sprecher : L&#8217;attrait des investissements \u00e9trangers d\u00e9pend de plusieurs facteurs. Les conditions cl\u00e9s comprennent la stabilit\u00e9 politique, les perspectives de croissance \u00e9conomique, l\u2019environnement r\u00e9glementaire, les infrastructures, la main-d\u2019\u0153uvre qualifi\u00e9e et la taille du march\u00e9. De plus, la normalisation des relations avec la Serbie contribuerait grandement \u00e0 rendre le Kosovo encore plus attractif pour les investisseurs \u00e9trangers.<\/p>\n<p>Investir dans des entreprises au Kosovo devient plus attractif, notamment gr\u00e2ce \u00e0 l&#8217;am\u00e9lioration du climat d&#8217;investissement (fiscalit\u00e9, r\u00e9glementation des contr\u00f4les, remboursement de la dette), r\u00e9formes dans lesquelles la Suisse soutient le Kosovo.<\/p>\n<p>A ma connaissance, c&#8217;est principalement la diaspora kosovare vivant en Suisse qui a investi au Kosovo. Dans le pass\u00e9, ces investissements \u00e9taient concentr\u00e9s dans le secteur de la construction, m\u00eame si l&#8217;on constate aujourd&#8217;hui une diversification croissante. Cependant, l&#8217;\u00e9conomie suisse est tr\u00e8s comp\u00e9titive et je pense que l&#8217;objectif devrait \u00eatre d&#8217;attirer davantage d&#8217;investissements.<\/p>\n<p><strong>Albinfo.ch : Chaque ann\u00e9e, les exportations kosovares vers la Suisse augmentent et cette tendance se poursuit. Est-ce selon vous une bonne initiative entre les deux pays, o\u00f9 le Kosovo augmente \u00e9galement ses exportations vers la Suisse et vice versa ?<\/strong><\/p>\n<p>J\u00fcrg Sprecher : Je suis \u00e9conomiste et ce n&#8217;est pas la seule raison pour laquelle je suis convaincu que toutes les parties b\u00e9n\u00e9ficient du commerce et de l&#8217;ouverture des fronti\u00e8res.<\/p>\n<p>La Suisse m\u00e8ne les n\u00e9gociations en vue d&#8217;un futur accord de libre-\u00e9change entre les \u00c9tats de l&#8217;AELE et le Kosovo, dans le but de promouvoir nos relations \u00e9conomiques et l&#8217;int\u00e9gration \u00e9conomique r\u00e9gionale du Kosovo.<\/p>\n<p><strong>Albinfo.ch : Monsieur Sprecher, nous <\/strong><strong>touchons \u00e0 la<\/strong><strong> fin<\/strong><strong> de l\u2019ann\u00e9e<\/strong><strong> 2023, combien de visas au total ont \u00e9t\u00e9 d\u00e9livr\u00e9s cette ann\u00e9e par l&#8217;ambassade de Suisse pour les citoyens kosovars, qu&#8217;ils soient touristiques ou autres ?<\/strong><\/p>\n<p>J\u00fcrg Sprecher : L&#8217;ambassade de Suisse \u00e0 Pristina d\u00e9livre des visas non seulement pour la Suisse, mais aussi pour la France, l&#8217;Autriche, le Benelux et le Liechtenstein. De janvier \u00e0 octobre, plus de 27 000 visas Schengen ont \u00e9t\u00e9 d\u00e9livr\u00e9s, dont 70 % pour la Suisse. 68% de ces visas Schengen ont \u00e9t\u00e9 accord\u00e9s pour des visites familiales, 10% pour des affaires et 5% pour du tourisme.<\/p>\n<p>En comparaison, nous avons d\u00e9livr\u00e9 31 500 visas Schengen pour la m\u00eame p\u00e9riode en 2022. Nous ressentons donc d\u00e9j\u00e0 certains des effets de la prochaine lib\u00e9ralisation des visas, qui entrera en vigueur en 2024.<\/p>\n<p>En outre, l&#8217;ambassade a d\u00e9j\u00e0 d\u00e9livr\u00e9 environ 1800 visas nationaux suisses. Ces visas de longue dur\u00e9e ont \u00e9t\u00e9 d\u00e9livr\u00e9s principalement pour le regroupement familial (89 %), pour \u00e9tudier (5 %) et pour travailler (4 %). Ce type de visa ne sera pas concern\u00e9 par la lib\u00e9ralisation des visas Schengen.<\/p>\n<p><strong>Albinfo.ch : Nous sommes \u00e0 la veille des f\u00eates de fin d&#8217;ann\u00e9e, un message pour les Kosovars et la diaspora albanaise vivant en Suisse et au-del\u00e0 ?<\/strong><\/p>\n<p>J\u00fcrg Sprecher : Mon message est universel. Parce que la p\u00e9riode de fin d\u2019ann\u00e9e repr\u00e9sente toujours l&#8217;occasion de laisser le quotidien derri\u00e8re soi, de se calmer, de se d\u00e9tendre et de profiter de sa famille et de ses amis. Je souhaite cela aux Kosovars et \u00e0 la diaspora albanaise vivant en Suisse et au-del\u00e0.<\/p>\n","protected":false},"excerpt":{"rendered":"<p>Entretien exclusif d\u2019Albinfo.ch avec l\u2019ambassadeur de Suisse au Kosovo, J\u00fcrg Sprecher, qui sera publi\u00e9 dans l\u2019\u00e9dition de fin d\u2019ann\u00e9e de notre magazine<\/p>\n","protected":false},"author":6,"featured_media":700596,"comment_status":"closed","ping_status":"closed","sticky":false,"template":"","format":"standard","meta":{"footnotes":""},"categories":[1171,23271,3949,23270,1159,1170,1184,1411,2014],"tags":[1671],"vendi":[],"content_country":[31835,31838,31840],"class_list":["post-701208","post","type-post","status-publish","format-standard","has-post-thumbnail","hentry","category-thematique","category-kosovo","category-kosova-fr","category-at-balkani-fr","category-ch-balkans","category-vivre-en-suisse","category-fotolajmi-fr","category-newsletter-fr","category-newsletter-media-fr","tag-zvicer-fr","content_country-austria-fr","content_country-germany-fr","content_country-zvicer-fr"],"acf":[],"_links":{"self":[{"href":"https:\/\/www.albinfo.at\/fr\/wp-json\/wp\/v2\/posts\/701208","targetHints":{"allow":["GET"]}}],"collection":[{"href":"https:\/\/www.albinfo.at\/fr\/wp-json\/wp\/v2\/posts"}],"about":[{"href":"https:\/\/www.albinfo.at\/fr\/wp-json\/wp\/v2\/types\/post"}],"author":[{"embeddable":true,"href":"https:\/\/www.albinfo.at\/fr\/wp-json\/wp\/v2\/users\/6"}],"replies":[{"embeddable":true,"href":"https:\/\/www.albinfo.at\/fr\/wp-json\/wp\/v2\/comments?post=701208"}],"version-history":[{"count":0,"href":"https:\/\/www.albinfo.at\/fr\/wp-json\/wp\/v2\/posts\/701208\/revisions"}],"wp:featuredmedia":[{"embeddable":true,"href":"https:\/\/www.albinfo.at\/fr\/wp-json\/wp\/v2\/media\/700596"}],"wp:attachment":[{"href":"https:\/\/www.albinfo.at\/fr\/wp-json\/wp\/v2\/media?parent=701208"}],"wp:term":[{"taxonomy":"category","embeddable":true,"href":"https:\/\/www.albinfo.at\/fr\/wp-json\/wp\/v2\/categories?post=701208"},{"taxonomy":"post_tag","embeddable":true,"href":"https:\/\/www.albinfo.at\/fr\/wp-json\/wp\/v2\/tags?post=701208"},{"taxonomy":"vendi","embeddable":true,"href":"https:\/\/www.albinfo.at\/fr\/wp-json\/wp\/v2\/vendi?post=701208"},{"taxonomy":"content_country","embeddable":true,"href":"https:\/\/www.albinfo.at\/fr\/wp-json\/wp\/v2\/content_country?post=701208"}],"curies":[{"name":"wp","href":"https:\/\/api.w.org\/{rel}","templated":true}]}}