{"id":699139,"date":"2023-12-13T12:54:17","date_gmt":"2023-12-13T11:54:17","guid":{"rendered":"https:\/\/www.albinfo.ch\/?p=699139"},"modified":"2023-12-13T12:54:17","modified_gmt":"2023-12-13T11:54:17","slug":"beat-jans-est-le-nouveau-conseil-federal","status":"publish","type":"post","link":"https:\/\/www.albinfo.at\/fr\/beat-jans-est-le-nouveau-conseil-federal\/","title":{"rendered":"Beat Jans est le nouveau Conseil F\u00e9d\u00e9ral"},"content":{"rendered":"<p>Beat Jans est n\u00e9 en 1964. Il grandit \u00e0 Riehen, dans le canton de B\u00e2le-Ville. Apr\u00e8s un apprentissage d\u2019agriculteur dans le canton de B\u00e2le-Campagne, il obtient un dipl\u00f4me d\u2019agrotechnicien au Technicum d\u2019agriculture tropicale de B\u00e2le, suivi quelques ann\u00e9es plus tard par un dipl\u00f4me de scientifique de l\u2019environnement \u00e0 l\u2019\u00c9cole polytechnique f\u00e9d\u00e9rale de Zurich.<\/p>\n<p>Il travaille comme conseiller dans les domaines de l\u2019environnement et de la communication, avant de se mettre partiellement \u00e0 son compte. Il occupe au surplus des postes dans la collaboration au d\u00e9veloppement et \u00e0 la direction de Pro Natura et enseigne \u00e0 l\u2019Universit\u00e9 de B\u00e2le. Il est mari\u00e9 et p\u00e8re de deux enfants.<\/p>\n<p>Beat Jans pr\u00e9side le Parti socialiste du canton de B\u00e2le-Ville de 2000 \u00e0 2005 et occupe l\u2019un des postes de vice-pr\u00e9sident du Parti socialiste suisse de 2015 \u00e0 2020. Il est d\u00e9put\u00e9 au Grand Conseil du canton de B\u00e2le-Ville de 2001 \u00e0 2011 et si\u00e8ge au Conseil national de 2010 \u00e0 2020. Il est ensuite \u00e9lu au Conseil d\u2019\u00c9tat du canton de B\u00e2le-Ville, qu\u2019il pr\u00e9side de 2021 \u00e0 2023.<\/p>\n","protected":false},"excerpt":{"rendered":"<p>Beat Jans est n\u00e9 en 1964. Il grandit \u00e0 Riehen, dans le canton de B\u00e2le-Ville. Apr\u00e8s un apprentissage d\u2019agriculteur dans le canton de B\u00e2le-Campagne, il obtient un dipl\u00f4me d\u2019agrotechnicien au Technicum d\u2019agriculture tropicale de B\u00e2le, suivi quelques ann\u00e9es plus tard par un dipl\u00f4me de scientifique de l\u2019environnement \u00e0 l\u2019\u00c9cole polytechnique f\u00e9d\u00e9rale de Zurich. Il travaille [&hellip;]<\/p>\n","protected":false},"author":4,"featured_media":699134,"comment_status":"closed","ping_status":"closed","sticky":false,"template":"","format":"standard","meta":{"footnotes":""},"categories":[1171,18826,1170],"tags":[1671],"vendi":[],"content_country":[31835,31838,31840],"class_list":["post-699139","post","type-post","status-publish","format-standard","has-post-thumbnail","hentry","category-thematique","category-lajme-jeta-ne-zvicer-fr","category-vivre-en-suisse","tag-zvicer-fr","content_country-austria-fr","content_country-germany-fr","content_country-zvicer-fr"],"acf":[],"_links":{"self":[{"href":"https:\/\/www.albinfo.at\/fr\/wp-json\/wp\/v2\/posts\/699139","targetHints":{"allow":["GET"]}}],"collection":[{"href":"https:\/\/www.albinfo.at\/fr\/wp-json\/wp\/v2\/posts"}],"about":[{"href":"https:\/\/www.albinfo.at\/fr\/wp-json\/wp\/v2\/types\/post"}],"author":[{"embeddable":true,"href":"https:\/\/www.albinfo.at\/fr\/wp-json\/wp\/v2\/users\/4"}],"replies":[{"embeddable":true,"href":"https:\/\/www.albinfo.at\/fr\/wp-json\/wp\/v2\/comments?post=699139"}],"version-history":[{"count":0,"href":"https:\/\/www.albinfo.at\/fr\/wp-json\/wp\/v2\/posts\/699139\/revisions"}],"wp:featuredmedia":[{"embeddable":true,"href":"https:\/\/www.albinfo.at\/fr\/wp-json\/wp\/v2\/media\/699134"}],"wp:attachment":[{"href":"https:\/\/www.albinfo.at\/fr\/wp-json\/wp\/v2\/media?parent=699139"}],"wp:term":[{"taxonomy":"category","embeddable":true,"href":"https:\/\/www.albinfo.at\/fr\/wp-json\/wp\/v2\/categories?post=699139"},{"taxonomy":"post_tag","embeddable":true,"href":"https:\/\/www.albinfo.at\/fr\/wp-json\/wp\/v2\/tags?post=699139"},{"taxonomy":"vendi","embeddable":true,"href":"https:\/\/www.albinfo.at\/fr\/wp-json\/wp\/v2\/vendi?post=699139"},{"taxonomy":"content_country","embeddable":true,"href":"https:\/\/www.albinfo.at\/fr\/wp-json\/wp\/v2\/content_country?post=699139"}],"curies":[{"name":"wp","href":"https:\/\/api.w.org\/{rel}","templated":true}]}}