{"id":693768,"date":"2023-11-26T21:23:24","date_gmt":"2023-11-26T20:23:24","guid":{"rendered":"https:\/\/www.albinfo.ch\/?p=693768"},"modified":"2024-08-15T00:16:08","modified_gmt":"2024-08-14T22:16:08","slug":"dua-lipa-defie-le-patron-dapple","status":"publish","type":"post","link":"https:\/\/www.albinfo.at\/fr\/dua-lipa-defie-le-patron-dapple\/","title":{"rendered":"Dua Lipa d\u00e9fie le patron d&#8217;Apple"},"content":{"rendered":"<p>Bien que le PDG de la soci\u00e9t\u00e9 Apple, Tim Cook, n&#8217;envisage toujours pas de se retirer de son poste, il a d\u00e9clar\u00e9 qu&#8217;il avait en t\u00eate quelqu&#8217;un qui le remplacera un jour, rapporte <a href=\"http:\/\/albinfo.ch\">albinfo.ch<\/a>.<\/p>\n<p>&#8220;Je veux vraiment que cette personne soit quelqu\u2019un d\u2019interne, de chez Apple&#8221;, a d\u00e9clar\u00e9 Cook lors d&#8217;un podcast avec Dua Lipa.<\/p>\n<p>Elle lui avait pos\u00e9 la question de savoir qui \u00e9tait en lice pour lui succ\u00e9der au poste de CEO (Chief Executive Officer) de l&#8217;entreprise.<\/p>\n<p>Cependant, Cook a d\u00e9clar\u00e9, entre autres, qu&#8217;il ne pouvait pas imaginer sa vie sans \u00eatre chez Apple et qu&#8217;il ne semblait pas avoir l&#8217;intention de partir de sit\u00f4t.<\/p>\n<p>Mais l&#8217;entreprise, selon lui, poss\u00e8de un plan B au cas o\u00f9 quelque chose se produirait avant qu&#8217;il ne soit pr\u00eat \u00e0 c\u00e9der le poste.<\/p>\n<p><iframe loading=\"lazy\" title=\"Apple CEO Tim Cook on what it takes to run the world&#039;s largest company | Dua Lipa: At Your Service\" width=\"587\" height=\"330\" src=\"https:\/\/www.youtube.com\/embed\/JXQYO8poXC8?feature=oembed\" frameborder=\"0\" allow=\"accelerometer; autoplay; clipboard-write; encrypted-media; gyroscope; picture-in-picture; web-share\" referrerpolicy=\"strict-origin-when-cross-origin\" allowfullscreen><\/iframe><\/p>\n","protected":false},"excerpt":{"rendered":"<p>Bien que le PDG de la soci\u00e9t\u00e9 Apple, Tim Cook, n&#8217;envisage toujours pas de se retirer de son poste, il a d\u00e9clar\u00e9 qu&#8217;il avait en t\u00eate quelqu&#8217;un qui le remplacera un jour, rapporte albinfo.ch. &#8220;Je veux vraiment que cette personne soit quelqu\u2019un d\u2019interne, de chez Apple&#8221;, a d\u00e9clar\u00e9 Cook lors d&#8217;un podcast avec Dua Lipa. [&hellip;]<\/p>\n","protected":false},"author":6,"featured_media":693027,"comment_status":"closed","ping_status":"closed","sticky":false,"template":"","format":"standard","meta":{"footnotes":""},"categories":[33431,3932,24660,24630,24692,24696,1168,1179,1183],"tags":[],"vendi":[],"content_country":[31835,31838,31840],"class_list":["post-693768","post","type-post","status-publish","format-standard","has-post-thumbnail","hentry","category-kuriozitete-fr","category-histoires-a-succes","category-la-musique","category-nouvelles","category-curiosites","category-autotech-fr","category-culture","category-albinfo-tv-fr","category-fun-fr","content_country-austria-fr","content_country-germany-fr","content_country-zvicer-fr"],"acf":[],"_links":{"self":[{"href":"https:\/\/www.albinfo.at\/fr\/wp-json\/wp\/v2\/posts\/693768","targetHints":{"allow":["GET"]}}],"collection":[{"href":"https:\/\/www.albinfo.at\/fr\/wp-json\/wp\/v2\/posts"}],"about":[{"href":"https:\/\/www.albinfo.at\/fr\/wp-json\/wp\/v2\/types\/post"}],"author":[{"embeddable":true,"href":"https:\/\/www.albinfo.at\/fr\/wp-json\/wp\/v2\/users\/6"}],"replies":[{"embeddable":true,"href":"https:\/\/www.albinfo.at\/fr\/wp-json\/wp\/v2\/comments?post=693768"}],"version-history":[{"count":1,"href":"https:\/\/www.albinfo.at\/fr\/wp-json\/wp\/v2\/posts\/693768\/revisions"}],"predecessor-version":[{"id":761604,"href":"https:\/\/www.albinfo.at\/fr\/wp-json\/wp\/v2\/posts\/693768\/revisions\/761604"}],"wp:featuredmedia":[{"embeddable":true,"href":"https:\/\/www.albinfo.at\/fr\/wp-json\/wp\/v2\/media\/693027"}],"wp:attachment":[{"href":"https:\/\/www.albinfo.at\/fr\/wp-json\/wp\/v2\/media?parent=693768"}],"wp:term":[{"taxonomy":"category","embeddable":true,"href":"https:\/\/www.albinfo.at\/fr\/wp-json\/wp\/v2\/categories?post=693768"},{"taxonomy":"post_tag","embeddable":true,"href":"https:\/\/www.albinfo.at\/fr\/wp-json\/wp\/v2\/tags?post=693768"},{"taxonomy":"vendi","embeddable":true,"href":"https:\/\/www.albinfo.at\/fr\/wp-json\/wp\/v2\/vendi?post=693768"},{"taxonomy":"content_country","embeddable":true,"href":"https:\/\/www.albinfo.at\/fr\/wp-json\/wp\/v2\/content_country?post=693768"}],"curies":[{"name":"wp","href":"https:\/\/api.w.org\/{rel}","templated":true}]}}