{"id":684192,"date":"2023-10-22T22:29:21","date_gmt":"2023-10-22T20:29:21","guid":{"rendered":"https:\/\/www.albinfo.ch\/?p=684192"},"modified":"2023-10-22T22:29:21","modified_gmt":"2023-10-22T20:29:21","slug":"lhistoire-secrit-aujourdhui-islam-alijaj-est-elu-depute-au-parlement-suisse","status":"publish","type":"post","link":"https:\/\/www.albinfo.at\/fr\/lhistoire-secrit-aujourdhui-islam-alijaj-est-elu-depute-au-parlement-suisse\/","title":{"rendered":"L\u2019histoire s\u2019\u00e9crit aujourd\u2019hui: Islam Alijaj est \u00e9lu d\u00e9put\u00e9 au Parlement suisse"},"content":{"rendered":"<p>Un tournant s&#8217;est produit lors des \u00e9lections au Parlement f\u00e9d\u00e9ral suisse qui se sont tenues aujourd&#8217;hui: un candidat d&#8217;origine albanaise a \u00e9t\u00e9 \u00e9lu d\u00e9put\u00e9, il s&#8217;agit d&#8217;Islam Alijajn, candidat du Parti social-d\u00e9mocrate (SP), rapporte <a href=\"http:\/\/albinfo.ch\">albinfo.ch<\/a>. Il a obtenu 95&#8217;054 voix de citoyens suisses ayant le droit de vote<\/p>\n<p>&nbsp;<\/p>\n<p>Alijaj, en tant que personne en situation de handicap, est reconnu pour son engagement infatigable en faveur des droits de la cat\u00e9gorie de personnes \u00e0 laquelle il appartient. Il a \u00e9t\u00e9 jusqu&#8217;\u00e0 pr\u00e9sent un d\u00e9put\u00e9 tr\u00e8s actif au sein du Conseil communal de Zurich. De plus, Alijaj est un ardent promoteur, au niveau national, de la question des personnes handicap\u00e9es.<\/p>\n<p>&nbsp;<\/p>\n<p>La plateforme m\u00e9diatique <a href=\"http:\/\/albinfo.ch\">albinfo.ch<\/a> a suivi en permanence l&#8217;activit\u00e9 d&#8217;Alijaj et l&#8217;a pr\u00e9sent\u00e9 \u00e0 travers des entretiens sp\u00e9ciaux, sur son site internet et dans son magazine.<\/p>\n<p>&nbsp;<\/p>\n<p>Une trentaine d\u2019hommes politiques d\u2019origine albanaise ont propos\u00e9 leur candidature pour un si\u00e8ge au Parlement f\u00e9d\u00e9ral suisse. D&#8217;apr\u00e8s les informations dont dispose <a href=\"http:\/\/albinfo.ch\">albinfo.ch<\/a> jusqu&#8217;\u00e0 pr\u00e9sent, Islam Alijaj est le seul \u00e0 avoir remport\u00e9 un si\u00e8ge.<\/p>\n<p>&nbsp;<\/p>\n<p>Avec sa victoire, la communaut\u00e9 albanaise de Suisse devient pour la premi\u00e8re fois repr\u00e9sent\u00e9e au niveau f\u00e9d\u00e9ral. Un moment pour l&#8217;histoire!<\/p>\n<p>lire aussi:<\/p>\n<blockquote class=\"wp-embedded-content\" data-secret=\"N6MMxHif7K\"><p><a href=\"https:\/\/www.albinfo.ch\/fr\/voici-les-albano-suisses-qui-veulent-realiser-le-changement-le-22-octobre\/\">Voici les Albano-Suisses qui veulent r\u00e9aliser le changement le 22 octobre.<\/a><\/p><\/blockquote>\n<p><iframe loading=\"lazy\" class=\"wp-embedded-content\" sandbox=\"allow-scripts\" security=\"restricted\" style=\"position: absolute; visibility: hidden;\" title=\"&#8220;Voici les Albano-Suisses qui veulent r\u00e9aliser le changement le 22 octobre.&#8221; &#8212; Albinfo\" src=\"https:\/\/www.albinfo.ch\/fr\/voici-les-albano-suisses-qui-veulent-realiser-le-changement-le-22-octobre\/embed\/#?secret=KfHNzyEK15#?secret=N6MMxHif7K\" data-secret=\"N6MMxHif7K\" width=\"587\" height=\"331\" frameborder=\"0\" marginwidth=\"0\" marginheight=\"0\" scrolling=\"no\"><\/iframe><\/p>\n<blockquote class=\"wp-embedded-content\" data-secret=\"YX1cU5R0T7\"><p><a href=\"https:\/\/www.albinfo.ch\/fr\/le-nouveau-numero-dalbinfo-ch-presente-les-candidats-albanais-au-parlement-suisse\/\">Le nouveau num\u00e9ro d&#8217;albinfo.ch\u00a0pr\u00e9sente les candidats albanais au Parlement suisse<\/a><\/p><\/blockquote>\n<p><iframe loading=\"lazy\" class=\"wp-embedded-content\" sandbox=\"allow-scripts\" security=\"restricted\" style=\"position: absolute; visibility: hidden;\" title=\"&#8220;Le nouveau num\u00e9ro d&#8217;albinfo.ch\u00a0pr\u00e9sente les candidats albanais au Parlement suisse&#8221; &#8212; Albinfo\" src=\"https:\/\/www.albinfo.ch\/fr\/le-nouveau-numero-dalbinfo-ch-presente-les-candidats-albanais-au-parlement-suisse\/embed\/#?secret=42K8YtIvT6#?secret=YX1cU5R0T7\" data-secret=\"YX1cU5R0T7\" width=\"587\" height=\"331\" frameborder=\"0\" marginwidth=\"0\" marginheight=\"0\" scrolling=\"no\"><\/iframe><\/p>\n","protected":false},"excerpt":{"rendered":"<p>Il a remport\u00e9 95 054 voix. Avec sa victoire, la communaut\u00e9 albanaise de Suisse est pour la premi\u00e8re fois repr\u00e9sent\u00e9e au niveau f\u00e9d\u00e9ral. Un moment pour l&#8217;histoire!<\/p>\n","protected":false},"author":6,"featured_media":684210,"comment_status":"closed","ping_status":"closed","sticky":false,"template":"","format":"standard","meta":{"footnotes":""},"categories":[34434,1171,24637,1164,18826,1163,1170,1184],"tags":[1671],"vendi":[31859],"content_country":[31835,31838,31840],"class_list":["post-684192","post","type-post","status-publish","format-standard","has-post-thumbnail","hentry","category-elections-federales-du-22-octobre-2023","category-thematique","category-nouvelles-fr-4","category-integration-fr","category-lajme-jeta-ne-zvicer-fr","category-fr-e-diaspora","category-vivre-en-suisse","category-fotolajmi-fr","tag-zvicer-fr","vendi-zurich","content_country-austria-fr","content_country-germany-fr","content_country-zvicer-fr"],"acf":[],"_links":{"self":[{"href":"https:\/\/www.albinfo.at\/fr\/wp-json\/wp\/v2\/posts\/684192","targetHints":{"allow":["GET"]}}],"collection":[{"href":"https:\/\/www.albinfo.at\/fr\/wp-json\/wp\/v2\/posts"}],"about":[{"href":"https:\/\/www.albinfo.at\/fr\/wp-json\/wp\/v2\/types\/post"}],"author":[{"embeddable":true,"href":"https:\/\/www.albinfo.at\/fr\/wp-json\/wp\/v2\/users\/6"}],"replies":[{"embeddable":true,"href":"https:\/\/www.albinfo.at\/fr\/wp-json\/wp\/v2\/comments?post=684192"}],"version-history":[{"count":0,"href":"https:\/\/www.albinfo.at\/fr\/wp-json\/wp\/v2\/posts\/684192\/revisions"}],"wp:featuredmedia":[{"embeddable":true,"href":"https:\/\/www.albinfo.at\/fr\/wp-json\/wp\/v2\/media\/684210"}],"wp:attachment":[{"href":"https:\/\/www.albinfo.at\/fr\/wp-json\/wp\/v2\/media?parent=684192"}],"wp:term":[{"taxonomy":"category","embeddable":true,"href":"https:\/\/www.albinfo.at\/fr\/wp-json\/wp\/v2\/categories?post=684192"},{"taxonomy":"post_tag","embeddable":true,"href":"https:\/\/www.albinfo.at\/fr\/wp-json\/wp\/v2\/tags?post=684192"},{"taxonomy":"vendi","embeddable":true,"href":"https:\/\/www.albinfo.at\/fr\/wp-json\/wp\/v2\/vendi?post=684192"},{"taxonomy":"content_country","embeddable":true,"href":"https:\/\/www.albinfo.at\/fr\/wp-json\/wp\/v2\/content_country?post=684192"}],"curies":[{"name":"wp","href":"https:\/\/api.w.org\/{rel}","templated":true}]}}