{"id":677796,"date":"2023-09-26T14:59:01","date_gmt":"2023-09-26T12:59:01","guid":{"rendered":"https:\/\/www.albinfo.ch\/?p=677796"},"modified":"2023-09-26T22:10:26","modified_gmt":"2023-09-26T20:10:26","slug":"lassemblee-des-albanais-de-suisse-condamne-lattentat-terroriste","status":"publish","type":"post","link":"https:\/\/www.albinfo.at\/fr\/lassemblee-des-albanais-de-suisse-condamne-lattentat-terroriste\/","title":{"rendered":"L&#8217;Assembl\u00e9e des Albanais de Suisse condamne l&#8217;attentat terroriste"},"content":{"rendered":"<p>La police de la R\u00e9publique du Kosovo a remarqu\u00e9 t\u00f4t dimanche matin deux camions sans plaques d&#8217;immatriculation qui bloquaient l&#8217;entr\u00e9e d&#8217;un pont dans le nord du Kosovo. Alors que l\u2019enqu\u00eate battait son plein, une trentaine d&#8217;individus lourdement arm\u00e9s, organis\u00e9s par la Serbie, ont attaqu\u00e9 la police de la R\u00e9publique du Kosovo avec des grenades \u00e0 main. Un policier a \u00e9t\u00e9 abattu et deux autres ont \u00e9t\u00e9 bless\u00e9s. Cette attaque est clairement une op\u00e9ration longue et bien planifi\u00e9e. La police a \u00e9t\u00e9 attir\u00e9e dans une embuscade.<\/p>\n<p>Des personnes lourdement arm\u00e9es se sont barricad\u00e9es dans un monast\u00e8re et ont men\u00e9 des combats arm\u00e9s avec les unit\u00e9s sp\u00e9ciales de la police de la R\u00e9publique du Kosovo. Le Premier ministre du Kosovo, Albin Kurti, a appel\u00e9 publiquement \u00e0 plusieurs reprises hier les hommes arm\u00e9s \u00e0 remettre leurs armes et \u00e0 se rendre. Plusieurs sources indiquent d\u00e9j\u00e0 que les monast\u00e8res sont utilis\u00e9s pour stocker des armes lourdes.<\/p>\n<p>Le gouvernement de la R\u00e9publique du Kosovo demande depuis un certain temps \u00e0 la KFOR de mettre un terme \u00e0 la conversion des monast\u00e8res en centres op\u00e9rationnels de groupes extr\u00e9mistes organis\u00e9s par la Serbie et la Russie. L&#8217;attentat terroriste du 24 Septembre et le confinement des assaillants derri\u00e8re les murs d&#8217;un monast\u00e8re montrent que le gouvernement de la R\u00e9publique du Kosovo a eu raison de d\u00e9noncer cette utilisation abusive des maisons religieuses.<\/p>\n<p>Nous condamnons cet acte de terrorisme dans les termes les plus fermes. Nous appelons la Suisse et l\u2019UE non seulement \u00e0 condamner cet acte de terreur contre la R\u00e9publique du Kosovo, mais aussi \u00e0 nommer les instigateurs de cette violence brutale. Le gouvernement serbe en est responsable.<\/p>\n<p>L&#8217;Assembl\u00e9e des Albanais de Suisse<\/p>\n<p>&nbsp;<\/p>\n","protected":false},"excerpt":{"rendered":"<p>L&#8217;Assembl\u00e9e des Albanais de Suisse condamne fermement l&#8217;attaque terroriste contre la police de la R\u00e9publique du Kosovo.<\/p>\n","protected":false},"author":6,"featured_media":677255,"comment_status":"closed","ping_status":"closed","sticky":false,"template":"","format":"standard","meta":{"footnotes":""},"categories":[33083,3910,3949,24620,1159,1170],"tags":[],"vendi":[],"content_country":[31835,31838,31840],"class_list":["post-677796","post","type-post","status-publish","format-standard","has-post-thumbnail","hentry","category-de-balkani-fr","category-opinion","category-kosova-fr","category-kosova-fr-2","category-ch-balkans","category-vivre-en-suisse","content_country-austria-fr","content_country-germany-fr","content_country-zvicer-fr"],"acf":[],"_links":{"self":[{"href":"https:\/\/www.albinfo.at\/fr\/wp-json\/wp\/v2\/posts\/677796","targetHints":{"allow":["GET"]}}],"collection":[{"href":"https:\/\/www.albinfo.at\/fr\/wp-json\/wp\/v2\/posts"}],"about":[{"href":"https:\/\/www.albinfo.at\/fr\/wp-json\/wp\/v2\/types\/post"}],"author":[{"embeddable":true,"href":"https:\/\/www.albinfo.at\/fr\/wp-json\/wp\/v2\/users\/6"}],"replies":[{"embeddable":true,"href":"https:\/\/www.albinfo.at\/fr\/wp-json\/wp\/v2\/comments?post=677796"}],"version-history":[{"count":0,"href":"https:\/\/www.albinfo.at\/fr\/wp-json\/wp\/v2\/posts\/677796\/revisions"}],"wp:featuredmedia":[{"embeddable":true,"href":"https:\/\/www.albinfo.at\/fr\/wp-json\/wp\/v2\/media\/677255"}],"wp:attachment":[{"href":"https:\/\/www.albinfo.at\/fr\/wp-json\/wp\/v2\/media?parent=677796"}],"wp:term":[{"taxonomy":"category","embeddable":true,"href":"https:\/\/www.albinfo.at\/fr\/wp-json\/wp\/v2\/categories?post=677796"},{"taxonomy":"post_tag","embeddable":true,"href":"https:\/\/www.albinfo.at\/fr\/wp-json\/wp\/v2\/tags?post=677796"},{"taxonomy":"vendi","embeddable":true,"href":"https:\/\/www.albinfo.at\/fr\/wp-json\/wp\/v2\/vendi?post=677796"},{"taxonomy":"content_country","embeddable":true,"href":"https:\/\/www.albinfo.at\/fr\/wp-json\/wp\/v2\/content_country?post=677796"}],"curies":[{"name":"wp","href":"https:\/\/api.w.org\/{rel}","templated":true}]}}