{"id":667315,"date":"2023-08-12T13:06:03","date_gmt":"2023-08-12T11:06:03","guid":{"rendered":"https:\/\/www.albinfo.ch\/?p=667315"},"modified":"2023-08-12T13:11:19","modified_gmt":"2023-08-12T11:11:19","slug":"naim-smakiqi-ensemble-nous-ecrirons-lhistoire-des-elections-du-22-octobre","status":"publish","type":"post","link":"https:\/\/www.albinfo.at\/fr\/naim-smakiqi-ensemble-nous-ecrirons-lhistoire-des-elections-du-22-octobre\/","title":{"rendered":"Naim Smakiqi : Ensemble, nous \u00e9crirons l&#8217;histoire des \u00e9lections du 22 octobre"},"content":{"rendered":"<p>Naim Smakiqi fait partie d&#8217;un petit nombre d&#8217;hommes politiques d&#8217;origine albanaise qui sont entr\u00e9s dans la course aux \u00e9lections pour le Parlement f\u00e9d\u00e9ral suisse, qui se tiendront le 22 octobre. Il est candidat du Parti socialiste (SP), vit \u00e0 Renens, Canton de Vaud.<\/p>\n<p>Dans l&#8217;interview pour Albinfo.ch, Smakiqi parle de ses objectifs lors de ces \u00e9lections, des enjeux sur lesquels il se concentre, en tant que participant aux \u00e9lections, de l&#8217;int\u00e9gration de la communaut\u00e9 albanaise en Suisse et dans son canton, de la probabilit\u00e9 que cette fois les Albanais aient une repr\u00e9sentation au Parlement de la Suisse, etc.<\/p>\n<p>Albinfo.ch : <strong>Vous avez \u00e9t\u00e9 nomm\u00e9 par votre parti, le SP, comme candidat aux \u00e9lections f\u00e9d\u00e9rales (pour le Conseil national) du 22 octobre de cette ann\u00e9e. Qu&#8217;est-ce qui vous a pouss\u00e9 \u00e0 vous essayer au niveau national ?<\/strong><\/p>\n<p>Smakiqi : J&#8217;ai toujours voulu contribuer au bien-\u00eatre de tous les citoyens, sans distinction de langue, de culture ou de race.<\/p>\n<p>C\u2019est mon deuxi\u00e8me mandat en tant que conseiller communal \u00e0 la commune de Renens et mon engagement pour un mieux vivre pour tous pour une r\u00e9elle int\u00e9gration. Vu l\u2019augmentation r\u00e9cente et vertigineuse du prix des articles de premi\u00e8re n\u00e9cessit\u00e9 et l\u2019augmentation drastique du prix des loyers, je vais m&#8217;engager de mon mieux et chercher tous les moyens possibles d&#8217;aider plus de la moiti\u00e9 de la population en dessous de la classe moyenne.<\/p>\n<p><strong>Albinfo.ch : Votre parti vous a propos\u00e9 de participer aux \u00e9lections nationales et vous y avez r\u00e9pondu en sollicitant son soutien. Cependant, la communaut\u00e9 albanaise a aussi son propre int\u00e9r\u00eat dans ces \u00e9lections. On pense que les conditions sont d\u00e9j\u00e0 en place pour avoir un ou plusieurs politiciens d&#8217;origine albanaise au parlement. Partagez-vous cet avis ?<\/strong><\/p>\n<p><a href=\"https:\/\/www.albinfo.ch\/wp-content\/uploads\/2023\/08\/naim-3.jpg\"><img loading=\"lazy\" decoding=\"async\" class=\"alignnone wp-image-666868\" src=\"https:\/\/www.albinfo.ch\/wp-content\/uploads\/2023\/08\/naim-3.jpg\" alt=\"\" width=\"570\" height=\"383\" srcset=\"https:\/\/www.albinfo.at\/wp-content\/uploads\/2023\/08\/naim-3.jpg 628w, https:\/\/www.albinfo.at\/wp-content\/uploads\/2023\/08\/naim-3-300x202.jpg 300w, https:\/\/www.albinfo.at\/wp-content\/uploads\/2023\/08\/naim-3-210x141.jpg 210w, https:\/\/www.albinfo.at\/wp-content\/uploads\/2023\/08\/naim-3-587x394.jpg 587w, https:\/\/www.albinfo.at\/wp-content\/uploads\/2023\/08\/naim-3-149x100.jpg 149w, https:\/\/www.albinfo.at\/wp-content\/uploads\/2023\/08\/naim-3-260x175.jpg 260w\" sizes=\"auto, (max-width: 570px) 100vw, 570px\" \/><\/a><\/p>\n<p>Smakiqi : Bien s\u00fbr, c&#8217;est mon engagement au sein du parti socialiste. Je tiens en m\u00eame temps \u00e0 adresser un remerciement particulier \u00e0 tous mes coll\u00e8gues du parti qui m&#8217;ont fait confiance pour \u00eatre candidat aux \u00e9lections nationales. J&#8217;ai beaucoup de soutien du parti.<\/p>\n<p>Bien s\u00fbr, la communaut\u00e9 albanaise a son propre int\u00e9r\u00eat dans ces \u00e9lections nationales, et je vous appelle \u00e9galement \u00e0 voter pour les candidats albanais.<\/p>\n<p>Il n&#8217;y a pas de chiffres exacts, mais on estime qu&#8217;environ 300 000 Albanais vivent dans l&#8217;\u00c9tat suisse. Ainsi, je pense que \u00e7a fait longtemps que cette communaut\u00e9 aurait d\u00fb avoir bien plus qu\u2019un d\u00e9put\u00e9 au Parlement suisse.<\/p>\n<p><strong>Albinfo.ch : Comptez-vous beaucoup sur le soutien de la communaut\u00e9 albanaise dans ces \u00e9lections ou pensez-vous avoir une assise solide parmi les \u00e9lecteurs traditionnels de votre parti ?<\/strong><\/p>\n<p>Smakiqi : Le Parti socialiste est assez puissant dans le canton de Vaud et a fait un excellent travail en aidant de nombreuses familles aux revenus modestes et la population d&#8217;origine \u00e9trang\u00e8re. C&#8217; est aussi la qualit\u00e9 premi\u00e8re du parti de la politique sociale donc j&#8217;attends le soutien de tous pour devenir plus fort et avoir une voix plus forte \u00e0 Berne.<\/p>\n<p><strong>Albinfo.ch : Que promettez-vous \u00e0 la communaut\u00e9 albanaise (ou \u00e0 d&#8217;autres, issues de l&#8217;immigration) au cas o\u00f9 vous seriez \u00e9lu d\u00e9put\u00e9 ? Pouvez-vous nous dire, en quelques mots : pourquoi un Albanais, une personne ayant le droit de vote en Suisse, devrait-il voter ? Y a-t-il des domaines sp\u00e9cifiques dans lesquels vous vous engagez \u00e0 \u00eatre particuli\u00e8rement engag\u00e9 \u00e0 cet \u00e9gard\u00a0?<\/strong><\/p>\n<p>Smakiqi : M\u00eame si nous sommes l\u2019une des plus grandes communaut\u00e9s en Suisse, nous n&#8217;avons pas de d\u00e9put\u00e9 au parlement aujourd\u2019hui. Cela devrait changer le 22 octobre. Comme je l&#8217;ai mentionn\u00e9 pr\u00e9c\u00e9demment, je plaiderai pour le pouvoir d&#8217;achat des citoyens, un prix abordable pour l&#8217;assurance maladie, l&#8217;int\u00e9gration pour tous et surtout la cr\u00e9ation d&#8217;une instance publique de contr\u00f4le des loyers et la cr\u00e9ation de plus de coop\u00e9ratives pour construire des installations de logements abordables pour tous des familles.<\/p>\n<p><strong>Albinfo.ch : Il ne reste que 2 mois avant les \u00e9lections. Avez-vous fait le plan de votre campagne \u00e9lectorale ? Si oui, \u00e0 quoi \u00e7a ressemble, en bref ? Avez-vous pr\u00e9vu des rencontres avec la communaut\u00e9 albanaise ici ou avec d&#8217;autres communaut\u00e9s ?<\/strong><\/p>\n<p>Smakiqi : Nous avons commenc\u00e9 la campagne dans diverses r\u00e9unions avec toutes les communaut\u00e9s, je participe aux manifestations invit\u00e9es par diverses associations et communaut\u00e9s.<\/p>\n<p>Nous avons \u00e9galement un plan d\u00e9taill\u00e9 du parti. Jusqu&#8217;\u00e0 pr\u00e9sent je suis tr\u00e8s satisfait des attentes et des communications que je d\u00e9veloppe dans tout le canton de Vaud, j&#8217;ai aussi un merci tout particulier pour la communaut\u00e9 albanaise.<\/p>\n<p>Albinfo.ch :<strong> Des mots avec lesquels vous voudriez vous adresser \u00e0 la communaut\u00e9 albanaise, \u00e0 savoir les lecteurs d&#8217;Albinfo.ch \u00e0 l&#8217;occasion de votre course au Parlement suisse ?<\/strong><\/p>\n<p>Smakiqi : Pour tous les Albanais ayant le droit de vote, n&#8217;oubliez pas de voter, motivez tous vos proches \u00e0 le faire. Voter signifie s\u2019engager pour une vie meilleure avec plus de droits et plus d\u2019\u00e9galit\u00e9 sociale pour tous.<\/p>\n<p>J\u2019esp\u00e8re que vous serons ensemble en Octobre afin d\u2019\u00e9crire la r\u00e9alit\u00e9.<\/p>\n<p><strong>Qui est Naim Smakiqi\u00a0?<\/strong><\/p>\n<p><a href=\"https:\/\/www.albinfo.ch\/wp-content\/uploads\/2023\/08\/naim-smakiqi-1.jpg\"><img loading=\"lazy\" decoding=\"async\" class=\"alignnone wp-image-666871\" src=\"https:\/\/www.albinfo.ch\/wp-content\/uploads\/2023\/08\/naim-smakiqi-1.jpg\" alt=\"\" width=\"428\" height=\"571\" srcset=\"https:\/\/www.albinfo.at\/wp-content\/uploads\/2023\/08\/naim-smakiqi-1.jpg 768w, https:\/\/www.albinfo.at\/wp-content\/uploads\/2023\/08\/naim-smakiqi-1-225x300.jpg 225w, https:\/\/www.albinfo.at\/wp-content\/uploads\/2023\/08\/naim-smakiqi-1-297x396.jpg 297w, https:\/\/www.albinfo.at\/wp-content\/uploads\/2023\/08\/naim-smakiqi-1-75x100.jpg 75w, https:\/\/www.albinfo.at\/wp-content\/uploads\/2023\/08\/naim-smakiqi-1-131x175.jpg 131w\" sizes=\"auto, (max-width: 428px) 100vw, 428px\" \/><\/a><\/p>\n<p>Je m&#8217;appelle Naim Smakiqi, je suis mari\u00e9 et j&#8217;ai 3 enfants. Mon engagement en politique a commenc\u00e9 il y a 8 ans, avec mon \u00e9lection comme conseiller communal dans la commune de Renens, dans le canton de Vaud. Je suis tr\u00e8s actif \u00e0 la direction du parti et je suis engag\u00e9 aupr\u00e8s de la commune dans les activit\u00e9s pour les jeunes, pour une v\u00e9ritable insertion pour plus d&#8217;activit\u00e9s sportives et contre les discriminations. Je suis \u00e9galement co-fondateur, avec mon \u00e9pouse, de l&#8217;association &#8220;Dona&#8221; qui a pour but l&#8217;int\u00e9gration des femmes dans la vie sociale suisse.<\/p>\n<p>&nbsp;<\/p>\n","protected":false},"excerpt":{"rendered":"<p>&#8220;M\u00eame si nous sommes l\u2019une des plus grandes communaut\u00e9s en Suisse, nous n&#8217;avons pas de d\u00e9put\u00e9 au parlement aujourd\u2019hui. Cela devrait changer le 22 octobre&#8221;<\/p>\n","protected":false},"author":6,"featured_media":666863,"comment_status":"closed","ping_status":"closed","sticky":false,"template":"","format":"standard","meta":{"footnotes":""},"categories":[34434,1171,1164,1163,1170],"tags":[1671],"vendi":[31876],"content_country":[31835,31838,31840],"class_list":["post-667315","post","type-post","status-publish","format-standard","has-post-thumbnail","hentry","category-elections-federales-du-22-octobre-2023","category-thematique","category-integration-fr","category-fr-e-diaspora","category-vivre-en-suisse","tag-zvicer-fr","vendi-vaud-fr","content_country-austria-fr","content_country-germany-fr","content_country-zvicer-fr"],"acf":[],"_links":{"self":[{"href":"https:\/\/www.albinfo.at\/fr\/wp-json\/wp\/v2\/posts\/667315","targetHints":{"allow":["GET"]}}],"collection":[{"href":"https:\/\/www.albinfo.at\/fr\/wp-json\/wp\/v2\/posts"}],"about":[{"href":"https:\/\/www.albinfo.at\/fr\/wp-json\/wp\/v2\/types\/post"}],"author":[{"embeddable":true,"href":"https:\/\/www.albinfo.at\/fr\/wp-json\/wp\/v2\/users\/6"}],"replies":[{"embeddable":true,"href":"https:\/\/www.albinfo.at\/fr\/wp-json\/wp\/v2\/comments?post=667315"}],"version-history":[{"count":0,"href":"https:\/\/www.albinfo.at\/fr\/wp-json\/wp\/v2\/posts\/667315\/revisions"}],"wp:featuredmedia":[{"embeddable":true,"href":"https:\/\/www.albinfo.at\/fr\/wp-json\/wp\/v2\/media\/666863"}],"wp:attachment":[{"href":"https:\/\/www.albinfo.at\/fr\/wp-json\/wp\/v2\/media?parent=667315"}],"wp:term":[{"taxonomy":"category","embeddable":true,"href":"https:\/\/www.albinfo.at\/fr\/wp-json\/wp\/v2\/categories?post=667315"},{"taxonomy":"post_tag","embeddable":true,"href":"https:\/\/www.albinfo.at\/fr\/wp-json\/wp\/v2\/tags?post=667315"},{"taxonomy":"vendi","embeddable":true,"href":"https:\/\/www.albinfo.at\/fr\/wp-json\/wp\/v2\/vendi?post=667315"},{"taxonomy":"content_country","embeddable":true,"href":"https:\/\/www.albinfo.at\/fr\/wp-json\/wp\/v2\/content_country?post=667315"}],"curies":[{"name":"wp","href":"https:\/\/api.w.org\/{rel}","templated":true}]}}