{"id":660591,"date":"2023-07-08T12:46:07","date_gmt":"2023-07-08T10:46:07","guid":{"rendered":"https:\/\/www.albinfo.ch\/?p=660591"},"modified":"2023-07-10T10:41:02","modified_gmt":"2023-07-10T08:41:02","slug":"rinor-abazi-remporte-le-prix-prestigieux-democratie-dans-la-societe-en-suisse","status":"publish","type":"post","link":"https:\/\/www.albinfo.at\/fr\/rinor-abazi-remporte-le-prix-prestigieux-democratie-dans-la-societe-en-suisse\/","title":{"rendered":"Rinor Abazi remporte le prix prestigieux &#8220;D\u00e9mocratie dans la soci\u00e9t\u00e9&#8221;, en Suisse"},"content":{"rendered":"<p>La remise du prix pour son excellent travail dans le domaine de la d\u00e9mocratie et de la soci\u00e9t\u00e9 par les membres du Conseil f\u00e9d\u00e9ral suisse et par la Fondation pour la d\u00e9mocratie \u00e0 Berne fait la fiert\u00e9 de Rinor Abazi. Dans l&#8217;entretien pour <a href=\"http:\/\/albinfo.ch\">albinfo.ch<\/a>, Abazi parle de l&#8217;importance de ce prix pour lui et pour la communaut\u00e9 albanaise en Suisse.<\/p>\n<p><strong>Albinfo.ch : Comment vous d\u00e9cririez-vous ?<\/strong><\/p>\n<p><strong>Abazi : <\/strong>Je m&#8217;appelle Rinor Abazi, j&#8217;ai 18 ans, j&#8217;habite le canton de Berne, je suis originaire de Theranda, au Kosovo. Je viens de terminer l&#8217;\u00e9cole fran\u00e7aise de Biel\/Bienne avec la mention &#8220;tr\u00e8s bien&#8221; avec une moyenne g\u00e9n\u00e9rale de 5,4. J&#8217;ai choisi l&#8217;\u00e9conomie et le droit comme mati\u00e8res optionnelles et je poursuivrai mes \u00e9tudes dans le domaine des sciences \u00e9conomiques \u00e0 l&#8217;Universit\u00e9 de St. Gall. De plus, j&#8217;ai particip\u00e9 \u00e0 des concours de d\u00e9bats tels que &#8220;Youth Debate&#8221; en Suisse et j&#8217;ai obtenu du succ\u00e8s au niveau r\u00e9gional.<\/p>\n<p><strong>Albinfo.ch : Quelles \u00e9taient vos motivations pour r\u00e9diger un article dans le domaine de la justice sociale et les recherches sur\u00a0l&#8217;injustice ?<\/strong><\/p>\n<p><strong>Abazi : <\/strong>En tant qu&#8217;Albanais, pendant la plus grande partie de notre histoire, nous avons \u00e9t\u00e9 expos\u00e9s \u00e0 des injustices et \u00e0 des abus sociaux. Nos adversaires ont toujours tent\u00e9 de dissimuler ces injustices au monde et ont r\u00e9ussi en grande partie \u00e0 nous faire taire. Je pense qu\u2019il est \u00e0 pr\u00e9sent temps pour nous d\u2019agir et de nous d\u00e9fendre au niveau acad\u00e9mique, surtout quand ces injustices comme la passivation des adresses des r\u00e9sidents albanais subsistent (violation politique et statistique intentionnelle des citoyens d&#8217;une minorit\u00e9), m\u00eame \u00e0 l&#8217;\u00e9poque o\u00f9 nous parlons. Je pense que nous ne devons plus laisser les autres \u00e9crire notre histoire, comme ils l&#8217;ont fait au cours des quatre derniers si\u00e8cles. Au contraire, nous devons nous affirmer et obtenir justice pour les injustices que d&#8217;autres nous ont faites tout ce temps, en \u00e9crivant et en racontant au monde les abus auxquels certains de nos compatriotes ont \u00e9t\u00e9 confront\u00e9s. J&#8217;ai eu l&#8217;occasion d&#8217;\u00e9crire sur un tel sujet dans le cadre de mon projet de dipl\u00f4me.<\/p>\n<p><strong>Albinfo.ch : Comment pensez-vous que de tels prix et travaux de recherche peuvent influencer la sensibilisation aux injustices sociales et apporter des changements positifs ?<\/strong><\/p>\n<p><strong>Abazi : <\/strong>les prix et les travaux de recherche jouent un r\u00f4le d\u00e9cisif lorsqu&#8217;il s&#8217;agit de sensibiliser aux injustices sociales et d&#8217;apporter des changements positifs. En reconnaissant et en honorant les personnes qui se consacrent \u00e0 la recherche et \u00e0 la r\u00e9solution de probl\u00e8mes de soci\u00e9t\u00e9, ces prix placent recherche comme un catalyseur du changement social.<\/p>\n<p>Premi\u00e8rement, je crois que ces prix attirent l&#8217;attention sur les domaines de recherche sp\u00e9cifiques qui ont \u00e9t\u00e9 reconnus et mettent en lumi\u00e8re les injustices sociales qui pourraient autrement \u00eatre ignor\u00e9es ou n\u00e9glig\u00e9es. Ils cr\u00e9ent des plateformes de discussion et de diffusion des r\u00e9sultats et donnent \u00e0 un public plus large la possibilit\u00e9 de prendre conscience des d\u00e9fis auxquels sont confront\u00e9es les communaut\u00e9s marginalis\u00e9es ou les groupes sous-\u00e9valu\u00e9s.<\/p>\n<p>De plus, je crois que les prix et les articles de recherche peuvent cr\u00e9er un effet domino qui inspire les autres \u00e0 agir et \u00e0 contribuer \u00e0 un changement positif. Lorsque les gens voient leurs concitoyens reconnus pour leurs efforts dans le but d\u2019\u00e9liminer l&#8217;injustice sociale, cela \u00e9veille un sentiment de possibilit\u00e9 et motive les autres \u00e0 se joindre \u00e0 ce sacrifice.<\/p>\n<p>On peut dire que des prix et des articles de recherche comme ceux-ci ont le pouvoir de sensibiliser aux injustices sociales. Ils attirent l&#8217;attention sur des questions importantes, amplifient la voix des chercheurs, inspirent les autres \u00e0 agir et facilitent la collaboration et le dialogue. En reconnaissant et en honorant ceux qui se consacrent \u00e0 la recherche et \u00e0 l&#8217;\u00e9limination de l&#8217;injustice sociale, ces prix contribuent \u00e0 b\u00e2tir une soci\u00e9t\u00e9 plus juste.<\/p>\n<p><strong>Albinfo.ch : Concernant l&#8217;importance du bilinguisme et de la conscience historique pour l&#8217;avenir de la diaspora albanaise, quel message souhaiteriez-vous adresser sp\u00e9cifiquement aux parents et enseignants de langue et de culture albanaises?<\/strong><\/p>\n<p><strong> Abazi : <\/strong>Aux parents et enseignants de la langue et de la culture albanaises, je veux souligner la grande importance du bilinguisme et de la conscience historique pour l&#8217;avenir de la diaspora albanaise en Suisse et au-del\u00e0.<\/p>\n<p>Le bilinguisme joue un r\u00f4le important dans le maintien du riche patrimoine culturel du peuple albanais. Notre langue nous rend uniques et fiers d&#8217;\u00eatre Albanais. Faire en sorte que les nouvelles g\u00e9n\u00e9rations apprennent la langue albanaise face \u00e0 ce qui domine dans leur environnement.<\/p>\n<p>La conscience historique est \u00e9galement importante pour l&#8217;avenir de la diaspora albanaise. Comprendre l&#8217;histoire, les difficult\u00e9s et les succ\u00e8s de notre communaut\u00e9 est essentiel pour pr\u00e9server notre identit\u00e9 culturelle et rendre autonomes les g\u00e9n\u00e9rations futures. La conscience historique aide l&#8217;individu \u00e0 d\u00e9fier les st\u00e9r\u00e9otypes, \u00e0 lutter contre la discrimination et \u00e0 cr\u00e9er une vision de soi qui correspond \u00e0 nos exp\u00e9riences. En cr\u00e9ant notre propre histoire, nous cr\u00e9ons un sentiment de r\u00e9silience, de fiert\u00e9 et de continuit\u00e9 culturelle dans la diaspora albanaise. C&#8217;est ainsi que nous nous souvenons d&#8217;o\u00f9 nous venons.<\/p>\n<p>Driter Gjukaj<\/p>\n","protected":false},"excerpt":{"rendered":"<p>Des prix comme celui-ci ont pour but de sensibiliser au sujet des injustices sociales et d&#8217;apporter des changements positifs<\/p>\n","protected":false},"author":6,"featured_media":660171,"comment_status":"closed","ping_status":"closed","sticky":false,"template":"","format":"standard","meta":{"footnotes":""},"categories":[1171,1164,3951,16816,1163,1170,1411,2014],"tags":[1671,7433],"vendi":[31854],"content_country":[31835,31838,31840],"class_list":["post-660591","post","type-post","status-publish","format-standard","has-post-thumbnail","hentry","category-thematique","category-integration-fr","category-intervista-fr","category-albanais-dorigine-au-service-de-la-justice-suisse","category-fr-e-diaspora","category-vivre-en-suisse","category-newsletter-fr","category-newsletter-media-fr","tag-zvicer-fr","tag-keshilli-federal-fr","vendi-berne","content_country-austria-fr","content_country-germany-fr","content_country-zvicer-fr"],"acf":[],"_links":{"self":[{"href":"https:\/\/www.albinfo.at\/fr\/wp-json\/wp\/v2\/posts\/660591","targetHints":{"allow":["GET"]}}],"collection":[{"href":"https:\/\/www.albinfo.at\/fr\/wp-json\/wp\/v2\/posts"}],"about":[{"href":"https:\/\/www.albinfo.at\/fr\/wp-json\/wp\/v2\/types\/post"}],"author":[{"embeddable":true,"href":"https:\/\/www.albinfo.at\/fr\/wp-json\/wp\/v2\/users\/6"}],"replies":[{"embeddable":true,"href":"https:\/\/www.albinfo.at\/fr\/wp-json\/wp\/v2\/comments?post=660591"}],"version-history":[{"count":0,"href":"https:\/\/www.albinfo.at\/fr\/wp-json\/wp\/v2\/posts\/660591\/revisions"}],"wp:featuredmedia":[{"embeddable":true,"href":"https:\/\/www.albinfo.at\/fr\/wp-json\/wp\/v2\/media\/660171"}],"wp:attachment":[{"href":"https:\/\/www.albinfo.at\/fr\/wp-json\/wp\/v2\/media?parent=660591"}],"wp:term":[{"taxonomy":"category","embeddable":true,"href":"https:\/\/www.albinfo.at\/fr\/wp-json\/wp\/v2\/categories?post=660591"},{"taxonomy":"post_tag","embeddable":true,"href":"https:\/\/www.albinfo.at\/fr\/wp-json\/wp\/v2\/tags?post=660591"},{"taxonomy":"vendi","embeddable":true,"href":"https:\/\/www.albinfo.at\/fr\/wp-json\/wp\/v2\/vendi?post=660591"},{"taxonomy":"content_country","embeddable":true,"href":"https:\/\/www.albinfo.at\/fr\/wp-json\/wp\/v2\/content_country?post=660591"}],"curies":[{"name":"wp","href":"https:\/\/api.w.org\/{rel}","templated":true}]}}