{"id":654221,"date":"2023-06-14T09:20:36","date_gmt":"2023-06-14T07:20:36","guid":{"rendered":"https:\/\/www.albinfo.ch\/?p=654221"},"modified":"2023-06-14T05:25:47","modified_gmt":"2023-06-14T03:25:47","slug":"aferdita-bogiqi-candidate-aux-elections-federales-votez-pour-les-candidats-albanais","status":"publish","type":"post","link":"https:\/\/www.albinfo.at\/fr\/aferdita-bogiqi-candidate-aux-elections-federales-votez-pour-les-candidats-albanais\/","title":{"rendered":"Af\u00ebrdita Bogiqi, candidate aux \u00e9lections f\u00e9d\u00e9rales : Votez pour les candidats albanais"},"content":{"rendered":"<p style=\"font-weight: 400;\">Af\u00ebrdita Bogiqi est une candidate du PS du canton du Valais, en lice pour un si\u00e8ge \u00e0 la Chambre des cantons (s\u00e9nat) du Parlement suisse, lors des \u00e9lections du 22 octobre 2023.<\/p>\n<p style=\"font-weight: 400;\">Contrairement aux autres candidats d&#8217;origine albanaise, Af\u00ebrdita est la seule \u00e0 poss\u00e9der une exp\u00e9rience dans la direction. Depuis pr\u00e8s de trois ans, elle travaille au sein de l\u2019administration communale de la commune o\u00f9 elle vit, Monthey, dans le canton du Valais. De plus, elle est la seule femme \u00e0 ce poste \u00e0 avoir rejoint l&#8217;ex\u00e9cutif apr\u00e8s huit ans o\u00f9 on ne comptait aucune femme dans sa composition. Dans l&#8217;interview pour\u00a0<a href=\"http:\/\/albinfo.ch\/\">albinfo.ch<\/a>, Mme Bogiqi parle de la course dans laquelle elle a annonc\u00e9 sa candidature, de ses opinions sur la politique en Suisse, de la n\u00e9cessit\u00e9 d&#8217;une plus grande activation des Albanais avec le droit de vote en Suisse, etc.<\/p>\n<p style=\"font-weight: 400;\"><strong><em>Albinfo.ch : Vous avez \u00e9t\u00e9 d\u00e9sign\u00e9e par votre parti comme candidate aux \u00e9lections f\u00e9d\u00e9rales pour le Conseil des Etats du 22 octobre de cette ann\u00e9e. Vous \u00eates \u00e9galement membre de l&#8217;ex\u00e9cutif de Monthey, la troisi\u00e8me ville la plus peupl\u00e9e du Valais. Qu&#8217;est-ce qui vous a pouss\u00e9 \u00e0 vous essayer au niveau national ?<\/em><\/strong><\/p>\n<p style=\"font-weight: 400;\"><strong>A.Bogiqi :<\/strong> C\u2019est tout d\u2019abord la volont\u00e9 de contribuer au bien-\u00eatre de tous les citoyens ainsi qu&#8217;\u00e0 la d\u00e9mocratie. Ensuite, il y a la passion pour la politique, pour comprendre et exp\u00e9rimenter les relations complexes qui existent entre la politique, les institutions \u00e9tatiques et la soci\u00e9t\u00e9. Et enfin, l&#8217;envie d&#8217;apprendre constamment de nouvelles choses, m\u00eame dans des domaines techniques que je ne connais pas. Pour aider les citoyens du Valais \u00e0 comprendre que, m\u00eame les personnes d&#8217;origine \u00e9trang\u00e8re, en particulier les Albanais, font partie de ce pays et contribuent \u00e0 ce pays.<\/p>\n<p style=\"font-weight: 400;\"><strong><em>Albinfo.ch : Cela vous a-t-il encourag\u00e9 \u00e0 vous pr\u00e9senter aux \u00e9lections nationales ?<\/em><\/strong><\/p>\n<p style=\"font-weight: 400;\"><strong>A.Bogiqi:<\/strong> oui, \u00e9videmment. Le fait que mon mandat politique se d\u00e9roule bien, que mon travail et mon caract\u00e8re soient appr\u00e9ci\u00e9s m&#8217;a encourag\u00e9 \u00e0 aller plus loin.<\/p>\n<p style=\"font-weight: 400;\"><strong><em>Albinfo.ch: Vous \u00eates d\u00e9sign\u00e9 par votre parti et vous y rendez des comptes en y sollicitant son soutien. Mais la communaut\u00e9 albanaise a aussi son int\u00e9r\u00eat dans ces \u00e9lections : selon cette communaut\u00e9, &#8220;les conditions sont r\u00e9unies&#8221; pour avoir enfin un ou plusieurs hommes politiques d&#8217;origine albanaise au Parlement. Pensez-vous aussi que ces conditions sont arriv\u00e9es \u00e0 maturit\u00e9 ?<\/em><\/strong><\/p>\n<p style=\"font-weight: 400;\"><strong>A.Bogiqi:<\/strong> Je pense que oui. La plus grande preuve en est l&#8217;\u00e9lection d&#8217;Ylfete Fanaj \u00e0 l&#8217;ex\u00e9cutif du canton de Lucerne. Que de succ\u00e8s et de progr\u00e8s pour elle, mais \u00e9galement pour notre communaut\u00e9 ! Plus les gens atteignent ces niveaux de pouvoir, plus l&#8217;impact est grand, non seulement pour am\u00e9liorer l&#8217;image des Albanais, mais \u00e9galement pour faciliter la coexistence dans la soci\u00e9t\u00e9 suisse. Je pense donc que les Albanais qui ont le droit de vote doivent soutenir les candidats qui se pr\u00e9sentent, quel que soit le parti auquel ils appartiennent.<\/p>\n<p style=\"font-weight: 400;\"><strong><em>Albinfo.ch: Comptez-vous beaucoup sur le soutien de la communaut\u00e9 albanaise lors de ces \u00e9lections ou pensez-vous avoir une base s\u00fbre parmi les \u00e9lecteurs traditionnels de votre parti ?<\/em><\/strong><\/p>\n<p style=\"font-weight: 400;\"><strong>A.Bogiqi:<\/strong> Mon parti a 20% des voix ici, au Valais. Les d\u00e9cisions au Conseil des Etats sont bas\u00e9es sur un syst\u00e8me majoritaire, ce qui signifie qu&#8217;environ 50 000 voix sont n\u00e9cessaires pour \u00eatre \u00e9lu. Il faudra donc beaucoup de travail jusqu&#8217;au 22 octobre et un large soutien de la population suisse et de celle des communaut\u00e9s \u00e9trang\u00e8res, mais aussi celles d&#8217;origine albanaise, pour y parvenir.<\/p>\n<p style=\"font-weight: 400;\"><strong><em>Albinfo.ch: Que promettez-vous \u00e0 cette communaut\u00e9, au cas o\u00f9 vous seriez \u00e9lue d\u00e9put\u00e9 ?<\/em><\/strong><\/p>\n<p style=\"font-weight: 400;\"><strong>A.Bogiqi:<\/strong> Le premier avantage est que l&#8217;image de la population albanaise sera encore meilleure qu&#8217;elle ne l&#8217;est aujourd&#8217;hui. Le Valais entier d\u00e9couvrira qu&#8217;une femme portant un nom et un pr\u00e9nom albanais sera candidate au Conseil des Etats. Nous avons tous besoin de personnes qui nous inspirent et nous font avancer. Il est difficile de promettre quelque chose de concret \u00e0 tout un groupe. Toutefois, en tant que personnalit\u00e9 publique, vous \u00eates un ambassadeur de cette communaut\u00e9 o\u00f9 que vous vous trouviez..<\/p>\n<p style=\"font-weight: 400;\"><strong><em>Albinfo.ch: Vous \u00eates \u00e9galement connue au sujet des activit\u00e9s de la communaut\u00e9 albanaise, dites-nous, en bref : pourquoi un Albanais, une personne ayant le droit de vote en Suisse, devrait-il voter ? Y a-t-il des domaines sp\u00e9cifiques dans lesquels vous promettez d&#8217;\u00eatre particuli\u00e8rement engag\u00e9e \u00e0 cet \u00e9gard\u00a0?<\/em><\/strong><\/p>\n<p style=\"font-weight: 400;\"><strong>A.Bogiqi:<\/strong> Je prot\u00e9gerai les petites et moyennes entreprises (entreprises), le pouvoir d&#8217;achat des citoyens, l&#8217;assurance maladie \u00e0 un prix abordable, la cr\u00e9ation de places de cr\u00e8che suffisantes pour les enfants, la formation professionnelle, etc.<\/p>\n<p style=\"font-weight: 400;\"><em><strong>Albinfo.ch: Il reste environ 5 mois avant les \u00e9lections, ce qui est relativement court. Avez-vous fait le plan de votre campagne<\/strong> <strong>\u00e9lectorale? Si oui, \u00e0 quoi ressemble-t-il ? Avez-vous pr\u00e9vu des rencontres avec la communaut\u00e9 albanaise ici ou avec d&#8217;autres d&#8217;origine \u00e9trang\u00e8re ?<\/strong><\/em><\/p>\n<p style=\"font-weight: 400;\"><strong>A.Bogiqi<\/strong>: L&#8217;avantage de cette campagne est qu&#8217;elle apporte une grande visibilit\u00e9. Mais, \u00eatre candidat au Conseil des Etats demande de grands sacrifices, une pr\u00e9sence aupr\u00e8s de la population et dans de nombreuses manifestations dans tout le Valais jusqu&#8217;au 20 octobre, des semaines enti\u00e8res pour \u00e9tudier des dossiers et pr\u00e9parer des d\u00e9bats t\u00e9l\u00e9vis\u00e9s et radio, des campagnes de communication sur les r\u00e9seaux sociaux, etc.<\/p>\n<p style=\"font-weight: 400;\">Je participerai \u00e0 certaines soir\u00e9es organis\u00e9es par notre communaut\u00e9 comme, par exemple, par l&#8217;association &#8220;Medvexha&#8221;.<\/p>\n<p style=\"font-weight: 400;\"><strong><em>Albinfo.ch: Pour terminer, des mots avec lesquels vous voudriez vous adresser \u00e0 la communaut\u00e9 albanaise, \u00e0 savoir les lecteurs d&#8217;Albinfo.ch \u00e0 l&#8217;occasion de votre course pour le Parlement de Suisse ?<\/em><\/strong><\/p>\n<p style=\"font-weight: 400;\"><strong>A.Bogiqi: Voter signifie participer \u00e0 la d\u00e9mocratie de l&#8217;\u00c9tat o\u00f9 vous vivez. C&#8217;est exprimer ce droit en tant que citoyen. C&#8217;est soutenir les personnes qui s&#8217;engagent non seulement envers l&#8217;\u00c9tat suisse, qui est devenu le n\u00f4tre, mais aussi envers les territoires kosovars, albanais et tous les territoires albanais. Cela signifie \u00eatre habilit\u00e9 en tant que personne, mais aussi en tant que groupe pour soutenir plus tard nos int\u00e9r\u00eats en tant que peuple. C&#8217;est soutenir une personne qui s&#8217;engage et sacrifie son temps libre pour s&#8217;engager pour le bien et l&#8217;int\u00e9r\u00eat de tous. Alors, n&#8217;oubliez pas de voter et de motiver vos proches, amis \u00e0 voter pour tous les Albanais qui se pr\u00e9sentent.<\/strong><\/p>\n<p style=\"font-weight: 400;\"><strong>Les bulletins de vote arriveront par la poste d\u00e9but octobre. La liste pour le Conseil des Etats au Valais sera une liste de huit candidats. Il suffit de mettre une croix \u00e0 c\u00f4t\u00e9 du nom de la candidate Aferdita Bogiqi. Il y a deux tours d&#8217;\u00e9lections, ce qui signifie qu&#8217;il faut voter deux fois.<\/strong><\/p>\n<p>B. SH.<\/p>\n","protected":false},"excerpt":{"rendered":"<p>&#8220;Je pense que les Albanais qui ont le droit de vote doivent soutenir les candidats qui se pr\u00e9sentent, quel que soit le parti qu\u2019ils repr\u00e9sentent&#8221;<\/p>\n","protected":false},"author":4,"featured_media":653871,"comment_status":"closed","ping_status":"closed","sticky":false,"template":"","format":"standard","meta":{"footnotes":""},"categories":[34434,1164,1165,1163,1411,2014],"tags":[1671],"vendi":[31885],"content_country":[31835,31838,31840],"class_list":["post-654221","post","type-post","status-publish","format-standard","has-post-thumbnail","hentry","category-elections-federales-du-22-octobre-2023","category-integration-fr","category-femmes","category-fr-e-diaspora","category-newsletter-fr","category-newsletter-media-fr","tag-zvicer-fr","vendi-valais-fr","content_country-austria-fr","content_country-germany-fr","content_country-zvicer-fr"],"acf":[],"_links":{"self":[{"href":"https:\/\/www.albinfo.at\/fr\/wp-json\/wp\/v2\/posts\/654221","targetHints":{"allow":["GET"]}}],"collection":[{"href":"https:\/\/www.albinfo.at\/fr\/wp-json\/wp\/v2\/posts"}],"about":[{"href":"https:\/\/www.albinfo.at\/fr\/wp-json\/wp\/v2\/types\/post"}],"author":[{"embeddable":true,"href":"https:\/\/www.albinfo.at\/fr\/wp-json\/wp\/v2\/users\/4"}],"replies":[{"embeddable":true,"href":"https:\/\/www.albinfo.at\/fr\/wp-json\/wp\/v2\/comments?post=654221"}],"version-history":[{"count":0,"href":"https:\/\/www.albinfo.at\/fr\/wp-json\/wp\/v2\/posts\/654221\/revisions"}],"wp:featuredmedia":[{"embeddable":true,"href":"https:\/\/www.albinfo.at\/fr\/wp-json\/wp\/v2\/media\/653871"}],"wp:attachment":[{"href":"https:\/\/www.albinfo.at\/fr\/wp-json\/wp\/v2\/media?parent=654221"}],"wp:term":[{"taxonomy":"category","embeddable":true,"href":"https:\/\/www.albinfo.at\/fr\/wp-json\/wp\/v2\/categories?post=654221"},{"taxonomy":"post_tag","embeddable":true,"href":"https:\/\/www.albinfo.at\/fr\/wp-json\/wp\/v2\/tags?post=654221"},{"taxonomy":"vendi","embeddable":true,"href":"https:\/\/www.albinfo.at\/fr\/wp-json\/wp\/v2\/vendi?post=654221"},{"taxonomy":"content_country","embeddable":true,"href":"https:\/\/www.albinfo.at\/fr\/wp-json\/wp\/v2\/content_country?post=654221"}],"curies":[{"name":"wp","href":"https:\/\/api.w.org\/{rel}","templated":true}]}}