{"id":65355,"date":"2014-05-08T10:11:27","date_gmt":"2014-05-08T08:11:27","guid":{"rendered":""},"modified":"2014-05-08T12:49:13","modified_gmt":"2014-05-08T10:49:13","slug":"asile-comment-occuper-les-requerants","status":"publish","type":"post","link":"https:\/\/www.albinfo.at\/fr\/asile-comment-occuper-les-requerants\/","title":{"rendered":"Asile: comment occuper les requ\u00e9rants ?"},"content":{"rendered":"<p>Certains sont l\u00e0 pour quelques semaines, d\u2019autres pour plusieurs mois, voire des ann\u00e9es. Alors comment passent-ils leurs journ\u00e9e ? Comment s\u2019occupent-ils au quotidien ? Peuvent-ils travailler ou \u00e9tudier ? Ce sont les questions que nous allons aborder avec nos invit\u00e9s, une enseignante pour requ\u00e9rants et le Directeur de l&#8217;EVAM.<\/p>\n<p><iframe loading=\"lazy\" src=\"http:\/\/www.latele.ch\/embed?i=45325\" frameborder=\"0\" scrolling=\"no\" width=\"560\" height=\"315\"><\/iframe><\/p>\n","protected":false},"excerpt":{"rendered":"<p>Actuellement quelque 44&#8217;000 requ\u00e9rants d\u2019asile vivent en Suisse. Des personnes qui, en attendant de conna\u00eetre leur sort, r\u00e9sident dans des centres d\u2019accueil<\/p>\n","protected":false},"author":19,"featured_media":51425,"comment_status":"open","ping_status":"open","sticky":false,"template":"","format":"standard","meta":{"footnotes":""},"categories":[1164,1180,1163,1179],"tags":[],"vendi":[],"content_country":[],"class_list":["post-65355","post","type-post","status-publish","format-standard","has-post-thumbnail","hentry","category-integration-fr","category-diversite-fr","category-fr-e-diaspora","category-albinfo-tv-fr"],"acf":[],"_links":{"self":[{"href":"https:\/\/www.albinfo.at\/fr\/wp-json\/wp\/v2\/posts\/65355","targetHints":{"allow":["GET"]}}],"collection":[{"href":"https:\/\/www.albinfo.at\/fr\/wp-json\/wp\/v2\/posts"}],"about":[{"href":"https:\/\/www.albinfo.at\/fr\/wp-json\/wp\/v2\/types\/post"}],"author":[{"embeddable":true,"href":"https:\/\/www.albinfo.at\/fr\/wp-json\/wp\/v2\/users\/19"}],"replies":[{"embeddable":true,"href":"https:\/\/www.albinfo.at\/fr\/wp-json\/wp\/v2\/comments?post=65355"}],"version-history":[{"count":0,"href":"https:\/\/www.albinfo.at\/fr\/wp-json\/wp\/v2\/posts\/65355\/revisions"}],"wp:featuredmedia":[{"embeddable":true,"href":"https:\/\/www.albinfo.at\/fr\/wp-json\/wp\/v2\/media\/51425"}],"wp:attachment":[{"href":"https:\/\/www.albinfo.at\/fr\/wp-json\/wp\/v2\/media?parent=65355"}],"wp:term":[{"taxonomy":"category","embeddable":true,"href":"https:\/\/www.albinfo.at\/fr\/wp-json\/wp\/v2\/categories?post=65355"},{"taxonomy":"post_tag","embeddable":true,"href":"https:\/\/www.albinfo.at\/fr\/wp-json\/wp\/v2\/tags?post=65355"},{"taxonomy":"vendi","embeddable":true,"href":"https:\/\/www.albinfo.at\/fr\/wp-json\/wp\/v2\/vendi?post=65355"},{"taxonomy":"content_country","embeddable":true,"href":"https:\/\/www.albinfo.at\/fr\/wp-json\/wp\/v2\/content_country?post=65355"}],"curies":[{"name":"wp","href":"https:\/\/api.w.org\/{rel}","templated":true}]}}