{"id":646648,"date":"2023-05-09T20:40:13","date_gmt":"2023-05-09T18:40:13","guid":{"rendered":"https:\/\/www.albinfo.ch\/?p=646648"},"modified":"2023-05-09T20:40:13","modified_gmt":"2023-05-09T18:40:13","slug":"la-secretaire-detat-du-dfae-livia-leu-mene-des-consultations-politiques-avec-le-kosovo","status":"publish","type":"post","link":"https:\/\/www.albinfo.at\/fr\/la-secretaire-detat-du-dfae-livia-leu-mene-des-consultations-politiques-avec-le-kosovo\/","title":{"rendered":"La secr\u00e9taire d\u2019\u00c9tat du DFAE Livia Leu m\u00e8ne des consultations politiques avec le Kosovo"},"content":{"rendered":"<div class=\"contentHead\"><\/div>\n<div class=\"mod mod-nsbnewsdetails\">\n<p><strong>Le 9 mai 2023, la secr\u00e9taire d\u2019\u00c9tat Livia Leu a men\u00e9 des consultations politiques avec le vice-ministre des affaires \u00e9trang\u00e8res kosovar Kreshnik Ahmeti \u00e0 Berne. La rencontre a port\u00e9 principalement sur les diff\u00e9rents aspects des relations bilat\u00e9rales diversifi\u00e9es entre la Suisse et le Kosovo. Autres sujets au centre des \u00e9changes : les relations entre le Kosovo et la Serbie, le soutien suisse dans le processus de normalisation entre ces deux pays conduit par l\u2019UE ainsi que les cons\u00e9quences de la guerre contre l\u2019Ukraine pour les Balkans occidentaux.<\/strong><\/p>\n<p>Les consultations politiques r\u00e9guli\u00e8res permettent d\u2019approfondir les bonnes relations entre la Suisse et le Kosovo ainsi que des th\u00e8mes d\u2019int\u00e9r\u00eat mutuel.<\/p>\n<p>Le processus de normalisation entre la Serbie et le Kosovo que conduit l\u2019UE a \u00e9t\u00e9 un point de discussion important. Le DFAE estime qu\u2019une normalisation durable des relations entre les deux \u00c9tats est une condition importante pour la stabilit\u00e9 de toute la r\u00e9gion. La secr\u00e9taire d\u2019\u00c9tat Livia\u00a0Leu a profit\u00e9 de son \u00e9change avec le vice-ministre Kreshnik Ahmeti pour se faire une id\u00e9e de l\u2019\u00e9tat actuel des relations entre le Kosovo et la Serbie et souligner le soutien de la Suisse au processus de normalisation.<\/p>\n<p>Les deux parties ont \u00e9galement discut\u00e9 de la situation actuelle dans les Balkans occidentaux ainsi que de la demande d\u2019adh\u00e9sion du Kosovo au sein du Conseil de l\u2019Europe, soutenue par la Suisse. La secr\u00e9taire d\u2019Etat Livia Leu et le vice-ministre Kreshnik Ahmeti ont par ailleurs parl\u00e9 des prochaines \u00e9tapes en vue de la proc\u00e9dure d\u2019admission. Le r\u00f4le de la Suisse en tant que membre du Conseil de s\u00e9curit\u00e9 de l\u2019ONU a en outre \u00e9t\u00e9 \u00e9voqu\u00e9.<\/p>\n<p>Le contingent militaire suisse au sein de la Force pour le Kosovo (KFOR) a aussi \u00e9t\u00e9 l\u2019un des th\u00e8mes abord\u00e9s durant la rencontre. Depuis 1999 et sur mandat du Conseil de s\u00e9curit\u00e9 de l\u2019ONU, il est indispensable pour garantir un environnement pacifique et s\u00fbr dans la r\u00e9gion.<\/p>\n<p>La Suisse s\u2019engage au Kosovo depuis 1998. Ax\u00e9 autrefois sur des aspects humanitaires, l\u2019engagement de la Suisse consiste aujourd\u2019hui essentiellement \u00e0 soutenir le Kosovo pour poursuivre son int\u00e9gration dans l\u2019Europe et, de mani\u00e8re g\u00e9n\u00e9rale, pour l\u2019am\u00e9lioration des perspectives d\u2019avenir dans la r\u00e9gion.<\/p>\n<p>Dans le cadre d\u2019un programme men\u00e9 conjointement par la Direction du d\u00e9veloppement et de la coop\u00e9ration (DDC), la division Paix et droits de l\u2019homme (DPDH) du Secr\u00e9tariat d\u2019\u00c9tat du DFAE, le Secr\u00e9tariat d\u2019\u00c9tat \u00e0 l\u2019\u00e9conomie (SECO) et le Secr\u00e9tariat d\u2019\u00c9tat aux migrations (SEM), la Suisse investit au Kosovo 86\u00a0millions de francs sur une dur\u00e9e de quatre ans.<\/p>\n<p>Dans le domaine de la promotion civile de la paix, la Suisse contribue \u00e0 construire une soci\u00e9t\u00e9 multiethnique fond\u00e9e sur la tol\u00e9rance et la diversit\u00e9. La Suisse joue un r\u00f4le important au Kosovo pour le travail de m\u00e9moire. Elle d\u00e9fend l\u2019int\u00e9gration dans le discours politique d\u2019une approche inclusive et transformative, qui tienne compte de toutes les cat\u00e9gories de victimes.<\/p>\n<\/div>\n","protected":false},"excerpt":{"rendered":"<p>Les consultations politiques r\u00e9guli\u00e8res permettent d\u2019approfondir les bonnes relations entre la Suisse et le Kosovo ainsi que des th\u00e8mes d\u2019int\u00e9r\u00eat mutuel<\/p>\n","protected":false},"author":4,"featured_media":628092,"comment_status":"closed","ping_status":"closed","sticky":false,"template":"","format":"standard","meta":{"footnotes":""},"categories":[1171,3949,18826,1159,1170],"tags":[1625],"vendi":[31854],"content_country":[31835,31838,31840],"class_list":["post-646648","post","type-post","status-publish","format-standard","has-post-thumbnail","hentry","category-thematique","category-kosova-fr","category-lajme-jeta-ne-zvicer-fr","category-ch-balkans","category-vivre-en-suisse","tag-pritje-de-fr","vendi-berne","content_country-austria-fr","content_country-germany-fr","content_country-zvicer-fr"],"acf":[],"_links":{"self":[{"href":"https:\/\/www.albinfo.at\/fr\/wp-json\/wp\/v2\/posts\/646648","targetHints":{"allow":["GET"]}}],"collection":[{"href":"https:\/\/www.albinfo.at\/fr\/wp-json\/wp\/v2\/posts"}],"about":[{"href":"https:\/\/www.albinfo.at\/fr\/wp-json\/wp\/v2\/types\/post"}],"author":[{"embeddable":true,"href":"https:\/\/www.albinfo.at\/fr\/wp-json\/wp\/v2\/users\/4"}],"replies":[{"embeddable":true,"href":"https:\/\/www.albinfo.at\/fr\/wp-json\/wp\/v2\/comments?post=646648"}],"version-history":[{"count":0,"href":"https:\/\/www.albinfo.at\/fr\/wp-json\/wp\/v2\/posts\/646648\/revisions"}],"wp:featuredmedia":[{"embeddable":true,"href":"https:\/\/www.albinfo.at\/fr\/wp-json\/wp\/v2\/media\/628092"}],"wp:attachment":[{"href":"https:\/\/www.albinfo.at\/fr\/wp-json\/wp\/v2\/media?parent=646648"}],"wp:term":[{"taxonomy":"category","embeddable":true,"href":"https:\/\/www.albinfo.at\/fr\/wp-json\/wp\/v2\/categories?post=646648"},{"taxonomy":"post_tag","embeddable":true,"href":"https:\/\/www.albinfo.at\/fr\/wp-json\/wp\/v2\/tags?post=646648"},{"taxonomy":"vendi","embeddable":true,"href":"https:\/\/www.albinfo.at\/fr\/wp-json\/wp\/v2\/vendi?post=646648"},{"taxonomy":"content_country","embeddable":true,"href":"https:\/\/www.albinfo.at\/fr\/wp-json\/wp\/v2\/content_country?post=646648"}],"curies":[{"name":"wp","href":"https:\/\/api.w.org\/{rel}","templated":true}]}}