{"id":641685,"date":"2023-04-17T18:10:20","date_gmt":"2023-04-17T16:10:20","guid":{"rendered":"https:\/\/www.albinfo.ch\/?p=641685"},"modified":"2023-04-17T18:54:19","modified_gmt":"2023-04-17T16:54:19","slug":"deces-delisabeth-kopp-ancienne-conseillere-federale","status":"publish","type":"post","link":"https:\/\/www.albinfo.at\/fr\/deces-delisabeth-kopp-ancienne-conseillere-federale\/","title":{"rendered":"D\u00e9c\u00e8s d\u2019Elisabeth Kopp, ancienne conseill\u00e8re f\u00e9d\u00e9rale"},"content":{"rendered":"<div class=\"contentHead\"><\/div>\n<div class=\"mod mod-nsbnewsdetails\">\n<p><strong>C\u2019est avec une grande tristesse que le Conseil f\u00e9d\u00e9ral a appris le d\u00e9c\u00e8s d\u2019Elisabeth Kopp, \u00e0 l\u2019\u00e2ge de 86 ans. Premi\u00e8re femme \u00e0 si\u00e9ger au gouvernement suisse, elle a notamment \u0153uvr\u00e9 en faveur de la condition f\u00e9minine. Le Conseil f\u00e9d\u00e9ral et la Chancellerie f\u00e9d\u00e9rale pr\u00e9sentent leurs sinc\u00e8res condol\u00e9ances \u00e0 sa famille et \u00e0 ses proches.<\/strong><\/p>\n<p>Le 2 octobre 1984, le Parlement \u00e9lit Elisabeth Kopp au Conseil f\u00e9d\u00e9ral, au premier tour du scrutin. Une date importante non seulement dans la vie de la Zurichoise, membre du PRD, mais aussi dans l\u2019\u00e9volution de la condition f\u00e9minine en Suisse : treize ans apr\u00e8s l\u2019introduction du suffrage f\u00e9minin, c\u2019est la premi\u00e8re fois qu\u2019une femme acc\u00e8de au gouvernement du pays.<\/p>\n<p>Elisabeth Kopp \u00e9tudie le droit \u00e0 Zurich. La r\u00e9pression de l\u2019insurrection de Budapest en 1956 am\u00e8ne la jeune femme \u00e0 s\u2019engager pour les r\u00e9fugi\u00e9s, la d\u00e9mocratie et les droits de l\u2019homme. La protection de l\u2019environnement et l\u2019\u00e9galit\u00e9 des droits, notamment du droit de vote, pour les femmes comptent parmi les autres causes qu\u2019elle d\u00e9fend.<\/p>\n<p>Elle commence sa carri\u00e8re politique \u00e0 Zumikon, comme conseill\u00e8re municipale puis comme pr\u00e9sidente de la commune. \u00c9lue au Conseil national en 1979, elle est nomm\u00e9e vice-pr\u00e9sidente du PRD en 1984, avant de devenir conseill\u00e8re f\u00e9d\u00e9rale, prenant la t\u00eate, avec comp\u00e9tence et engagement, du D\u00e9partement f\u00e9d\u00e9ral de justice et police. Sous sa direction, la Suisse se dote d\u2019une nouvelle loi permettant de traiter plus rapidement les demandes d\u2019asile. Elisabeth Kopp s\u2019oppose fermement \u00e0 l\u2019initiative populaire \u00ab pour la limitation de l\u2019immigration \u00bb, que les citoyens rejettent en 1988. Durant son mandat de conseill\u00e8re f\u00e9d\u00e9rale, elle \u0153uvre aussi en faveur de l\u2019\u00e9galit\u00e9 des femmes, notamment du nouveau droit matrimonial.<\/p>\n<p>En 1989, Elisabeth Kopp est contrainte, sous la pression publique, de d\u00e9missionner du Conseil f\u00e9d\u00e9ral pour avoir demand\u00e9 par t\u00e9l\u00e9phone \u00e0 son mari de se retirer d\u2019une soci\u00e9t\u00e9 en raison d\u2019une \u00e9ventuelle implication dans une affaire de blanchiment d\u2019argent. Bien qu\u2019elle ait toujours ni\u00e9 toute faute morale ou juridique, elle est accus\u00e9e d\u2019avoir viol\u00e9 le secret de fonction. Le Tribunal f\u00e9d\u00e9ral l\u2019acquitte l\u2019ann\u00e9e suivante.<\/p>\n<p>Apr\u00e8s sa d\u00e9mission, Elisabeth Kopp se retire dans un premier temps de la vie publique. Par la suite, elle s\u2019exprime ponctuellement sur des sujets qui lui tiennent \u00e0 c\u0153ur. En 2004, elle soutient l\u2019introduction de l\u2019assurance-maternit\u00e9. L\u2019\u00e9galit\u00e9 des femmes, qu\u2019elle encourage \u00e0 s\u2019engager en politique, reste ch\u00e8re \u00e0 ses yeux ; elle la d\u00e9fend lors de conf\u00e9rences et discussions jusque dans les derni\u00e8res ann\u00e9es de sa vie.<\/p>\n<p>\u00c0 l\u2019occasion du 50e anniversaire du droit de vote des femmes, il y a deux ans, elle se souvient des combats politiques qu\u2019elle a men\u00e9s alors qu\u2019elle \u00e9tait \u00e9tudiante. \u00c0 la question d\u2019un camarade d\u2019\u00e9tudes qui lui avait demand\u00e9 pourquoi elle s\u2019engageait pour le suffrage f\u00e9minin alors qu\u2019elle \u00e9tait une femme tout \u00e0 fait normale, elle avait r\u00e9pondu : \u00ab Justement ! \u00bb. Avant d\u2019ajouter qu\u2019aujourd\u2019hui, participer \u00e0 la vie politique allait de soi pour ses petites-filles et que c\u2019\u00e9tait tr\u00e8s bien ainsi.<\/p>\n<p>Elisabeth Kopp est d\u00e9c\u00e9d\u00e9e le Vendredi saint des suites d\u2019une longue maladie.<\/p>\n<\/div>\n","protected":false},"excerpt":{"rendered":"<p>Premi\u00e8re femme \u00e0 si\u00e9ger au gouvernement suisse, elle a notamment \u0153uvr\u00e9 en faveur de la condition f\u00e9minine<\/p>\n","protected":false},"author":4,"featured_media":641086,"comment_status":"closed","ping_status":"closed","sticky":false,"template":"","format":"standard","meta":{"footnotes":""},"categories":[18826,1170],"tags":[1671],"vendi":[31859],"content_country":[31835,31838,31840],"class_list":["post-641685","post","type-post","status-publish","format-standard","has-post-thumbnail","hentry","category-lajme-jeta-ne-zvicer-fr","category-vivre-en-suisse","tag-zvicer-fr","vendi-zurich","content_country-austria-fr","content_country-germany-fr","content_country-zvicer-fr"],"acf":[],"_links":{"self":[{"href":"https:\/\/www.albinfo.at\/fr\/wp-json\/wp\/v2\/posts\/641685","targetHints":{"allow":["GET"]}}],"collection":[{"href":"https:\/\/www.albinfo.at\/fr\/wp-json\/wp\/v2\/posts"}],"about":[{"href":"https:\/\/www.albinfo.at\/fr\/wp-json\/wp\/v2\/types\/post"}],"author":[{"embeddable":true,"href":"https:\/\/www.albinfo.at\/fr\/wp-json\/wp\/v2\/users\/4"}],"replies":[{"embeddable":true,"href":"https:\/\/www.albinfo.at\/fr\/wp-json\/wp\/v2\/comments?post=641685"}],"version-history":[{"count":0,"href":"https:\/\/www.albinfo.at\/fr\/wp-json\/wp\/v2\/posts\/641685\/revisions"}],"wp:featuredmedia":[{"embeddable":true,"href":"https:\/\/www.albinfo.at\/fr\/wp-json\/wp\/v2\/media\/641086"}],"wp:attachment":[{"href":"https:\/\/www.albinfo.at\/fr\/wp-json\/wp\/v2\/media?parent=641685"}],"wp:term":[{"taxonomy":"category","embeddable":true,"href":"https:\/\/www.albinfo.at\/fr\/wp-json\/wp\/v2\/categories?post=641685"},{"taxonomy":"post_tag","embeddable":true,"href":"https:\/\/www.albinfo.at\/fr\/wp-json\/wp\/v2\/tags?post=641685"},{"taxonomy":"vendi","embeddable":true,"href":"https:\/\/www.albinfo.at\/fr\/wp-json\/wp\/v2\/vendi?post=641685"},{"taxonomy":"content_country","embeddable":true,"href":"https:\/\/www.albinfo.at\/fr\/wp-json\/wp\/v2\/content_country?post=641685"}],"curies":[{"name":"wp","href":"https:\/\/api.w.org\/{rel}","templated":true}]}}