{"id":637359,"date":"2023-03-29T15:13:49","date_gmt":"2023-03-29T13:13:49","guid":{"rendered":"https:\/\/www.albinfo.ch\/?p=637359"},"modified":"2023-03-29T15:19:54","modified_gmt":"2023-03-29T13:19:54","slug":"fictionnaliser-le-reel-entre-realites-et-representations-des-vecus-minorises","status":"publish","type":"post","link":"https:\/\/www.albinfo.at\/fr\/fictionnaliser-le-reel-entre-realites-et-representations-des-vecus-minorises\/","title":{"rendered":"Fictionnaliser le r\u00e9el. Entre r\u00e9alit\u00e9s et repr\u00e9sentations des v\u00e9cus minoris\u00e9s"},"content":{"rendered":"<p>Cette table ronde est organis\u00e9e \u00e0 l&#8217;occasion du lancement d\u2019un concours de court-m\u00e9trages UNIL d\u00e9di\u00e9 au vivre ensemble sur le campus, intitul\u00e9 \u00ab\u00a0Par-del\u00e0 nos diff\u00e9rences\u00a0\u00bb. Celui-ci am\u00e8ne notamment \u00e0 r\u00e9fl\u00e9chir au quotidien des personnes issues des groupes minoritaires. Or, on sait qu\u2019il existe toujours un foss\u00e9 entre l\u2019image qu\u2019on se fait des v\u00e9cus minoris\u00e9s et la r\u00e9alit\u00e9 du terrain. Ce constat est valable au cin\u00e9ma comme dans la soci\u00e9t\u00e9, par exemple quand il s\u2019agit de mettre sur pied des politiques de gouvernance pour r\u00e9pondre aux probl\u00e9matiques rencontr\u00e9es par les individus concern\u00e9s. Rien n\u2019est plus d\u00e9licat que de vouloir parler pour l\u2019autre, et les mesures choisies, m\u00eame bienveillantes, peuvent parfois se r\u00e9v\u00e9ler inadapt\u00e9es&#8230;<\/p>\n<p>En donnant la parole aux chercheuses et chercheurs de l\u2019UNIL et aux membres des associations, le Dicast\u00e8re EDI souhaite ouvrir le d\u00e9bat et r\u00e9fl\u00e9chir ensemble aux id\u00e9es re\u00e7ues qui ont la vie dure &#8211; et \u00e0 comment les d\u00e9passer pour am\u00e9liorer le quotidien de chacun\u00b7e.<\/p>\n<p>Une interpr\u00e9tation en langue des signes fran\u00e7aise (LSF) est pr\u00e9vue pour cet \u00e9v\u00e9nement. Merci d\u2019indiquer lors de votre inscription si vous avez d\u2019autres besoins sp\u00e9cifiques.<\/p>\n<p><strong>Programme<\/strong><\/p>\n<p><strong>16h<\/strong><\/p>\n<ul>\n<li><em>Mot de bienvenue<\/em><br \/>\nLiliane Michalik, Vice-Rectrice \u00ab\u00a0Egalit\u00e9, Diversit\u00e9 et Carri\u00e8res\u00a0\u00bb de l\u2019UNIL<\/li>\n<li><em>\u00c9clairage sur la diversit\u00e9 \u00e0 l\u2019UNIL<\/em><br \/>\nCarine Carvalho, cheffe de service au Bureau de l\u2019\u00e9galit\u00e9 UNIL<\/li>\n<li><em>Pr\u00e9sentation du \u00ab\u00a0concours du court\u00a0\u00bb EDI<\/em><br \/>\nUNICOM<\/li>\n<\/ul>\n<p><strong>16h15<\/strong><\/p>\n<ul>\n<li><em>Table ronde<\/em><br \/>\n\u00ab\u00a0Fictionnaliser le r\u00e9el \u2013 Entre r\u00e9alit\u00e9s et repr\u00e9sentations des v\u00e9cus minoris\u00e9s\u00a0\u00bb<\/li>\n<\/ul>\n<p>Mod\u00e9ration<\/p>\n<ul>\n<li><strong>Vjosa Gervalla<\/strong>, Directrice d\u2019albinfo.ch, productrice des \u00e9missions <em>Diversit\u00e9<\/em> sur La T\u00e9l\u00e9<\/li>\n<\/ul>\n<p>Avec<\/p>\n<ul>\n<li><strong>Mireille Berton<\/strong>, MER, Section d\u2019histoire et esth\u00e9tique du cin\u00e9ma, Lettres, UNIL<\/li>\n<li><strong>S\u00e9bastien Chauvin<\/strong>, Professeur associ\u00e9 \u00e0 l\u2019institut des sciences sociales, au Centre en \u00c9tudes Genre et \u00e0 la Plateforme de recherche en \u00c9tudes Genre, SSP, UNIL<\/li>\n<li><strong>Noha El Sadawy<\/strong>, Assistante documentaire UNIL, m\u00e9diatrice culturelle en LSF<\/li>\n<li><strong>S\u00e9bastien Kessler<\/strong>, Associ\u00e9 ID-GEO \u2013 bureau d\u2019\u00e9tudes en accessibilit\u00e9 universelle<\/li>\n<li><strong>Alias Poma<\/strong>, Association PlanQueer, UNIL-EPFL<\/li>\n<li><strong>Tarek Patwari<\/strong>, \u00c9tudiant de Master en Droit des professions judiciaires, UNIL<\/li>\n<li><strong>Hannah Wonta<\/strong>, Secr\u00e9taire g\u00e9n\u00e9rale de la FAE<\/li>\n<\/ul>\n<p>Et<\/p>\n<ul>\n<li><strong>Lorette Gervaix et M\u00e9lanie Monnard<\/strong>, interpr\u00e8tes ind\u00e9pendantes en LSF<\/li>\n<\/ul>\n<p>&nbsp;<\/p>\n<p><strong>Informations compl\u00e9mentaires<\/strong><\/p>\n<p>Jeudi 30 mars 2023 16:00-18:00<br \/>\nAmphimax &#8211; 415<br \/>\nEntr\u00e9e libre<br \/>\nR\u00e9servation bienvenue pour l\u2019ap\u00e9ritif qui suit sur<a href=\"http:\/\/events.unil.ch\/e-ticket\/register?event=149\" target=\"_blank\" rel=\"noopener\"> https:\/\/events.unil.ch\/e-ticket\/register?event=149<\/a><\/p>\n","protected":false},"excerpt":{"rendered":"<p>Le Dicast\u00e8re \u00ab \u00c9galit\u00e9, Diversit\u00e9 et Carri\u00e8res \u00bb de l\u2019UNIL et le Bureau de l\u2019\u00e9galit\u00e9 vous invitent \u00e0 une table ronde autour de la diversit\u00e9 et de ses repr\u00e9sentations \u00e0 l\u2019Universit\u00e9 de Lausanne. L&#8217;\u00e9v\u00e9nement aura lieu le jeudi 30 mars de 16h \u00e0 18h. <\/p>\n","protected":false},"author":10,"featured_media":637360,"comment_status":"closed","ping_status":"closed","sticky":false,"template":"","format":"standard","meta":{"footnotes":""},"categories":[1182],"tags":[2397,34115],"vendi":[],"content_country":[],"class_list":["post-637359","post","type-post","status-publish","format-standard","has-post-thumbnail","hentry","category-agenda","tag-diversite-fr","tag-inclusion"],"acf":[],"_links":{"self":[{"href":"https:\/\/www.albinfo.at\/fr\/wp-json\/wp\/v2\/posts\/637359","targetHints":{"allow":["GET"]}}],"collection":[{"href":"https:\/\/www.albinfo.at\/fr\/wp-json\/wp\/v2\/posts"}],"about":[{"href":"https:\/\/www.albinfo.at\/fr\/wp-json\/wp\/v2\/types\/post"}],"author":[{"embeddable":true,"href":"https:\/\/www.albinfo.at\/fr\/wp-json\/wp\/v2\/users\/10"}],"replies":[{"embeddable":true,"href":"https:\/\/www.albinfo.at\/fr\/wp-json\/wp\/v2\/comments?post=637359"}],"version-history":[{"count":0,"href":"https:\/\/www.albinfo.at\/fr\/wp-json\/wp\/v2\/posts\/637359\/revisions"}],"wp:featuredmedia":[{"embeddable":true,"href":"https:\/\/www.albinfo.at\/fr\/wp-json\/wp\/v2\/media\/637360"}],"wp:attachment":[{"href":"https:\/\/www.albinfo.at\/fr\/wp-json\/wp\/v2\/media?parent=637359"}],"wp:term":[{"taxonomy":"category","embeddable":true,"href":"https:\/\/www.albinfo.at\/fr\/wp-json\/wp\/v2\/categories?post=637359"},{"taxonomy":"post_tag","embeddable":true,"href":"https:\/\/www.albinfo.at\/fr\/wp-json\/wp\/v2\/tags?post=637359"},{"taxonomy":"vendi","embeddable":true,"href":"https:\/\/www.albinfo.at\/fr\/wp-json\/wp\/v2\/vendi?post=637359"},{"taxonomy":"content_country","embeddable":true,"href":"https:\/\/www.albinfo.at\/fr\/wp-json\/wp\/v2\/content_country?post=637359"}],"curies":[{"name":"wp","href":"https:\/\/api.w.org\/{rel}","templated":true}]}}