{"id":627821,"date":"2023-02-23T18:15:57","date_gmt":"2023-02-23T17:15:57","guid":{"rendered":"https:\/\/www.albinfo.ch\/?p=627821"},"modified":"2023-02-23T18:15:57","modified_gmt":"2023-02-23T17:15:57","slug":"asile-statistiques-de-janvier-2023","status":"publish","type":"post","link":"https:\/\/www.albinfo.at\/fr\/asile-statistiques-de-janvier-2023\/","title":{"rendered":"Asile : statistiques de janvier 2023"},"content":{"rendered":"<div class=\"contentHead\"><\/div>\n<div class=\"mod mod-nsbnewsdetails\">\n<p><strong>Durant le mois de janvier 2023, 2523 demandes d\u2019asile ont \u00e9t\u00e9 d\u00e9pos\u00e9es en Suisse, soit 169 de moins qu&#8217;en d\u00e9cembre 2022 (-6,3 %) et 1077 de plus qu&#8217;en janvier 2022.\u00a0<\/strong><\/p>\n<p>Les principaux pays de provenance des personnes ayant pr\u00e9sent\u00e9 une demande d&#8217;asile en Suisse en janvier 2023 sont l&#8217;Afghanistan (794 demandes, soit 9 de plus qu&#8217;en d\u00e9cembre), la Turquie (507 demandes ; -36), l&#8217;Alg\u00e9rie (198 demandes ; +77), le Maroc (152 demandes ; +56) et l&#8217;\u00c9rythr\u00e9e (135 demandes ; +12).<\/p>\n<p>Sur les 2523 demandes d\u00e9pos\u00e9es en janvier, 2170 \u00e9taient des demandes primaires (d\u00e9cembre 2022\u00a0: 2348), \u00e0 savoir des demandes pr\u00e9sent\u00e9es ind\u00e9pendamment d&#8217;autres personnes ayant d\u00e9j\u00e0 requis une protection. Les personnes ayant d\u00e9pos\u00e9 une telle demande au cours du mois sous revue venaient principalement d&#8217;Afghanistan (754, -12), de Turquie (437, -18), d&#8217;Alg\u00e9rie (192, +72), du Maroc (151, +57), d&#8217;Iran (62, +11) et de Tunisie (62, +19). Les demandes secondaires, pour leur part, font suite \u00e0 des demandes d&#8217;asile d\u00e9j\u00e0 enregistr\u00e9es (p. ex., naissances, regroupements familiaux ou demandes multiples).<\/p>\n<h3>Demandes d&#8217;asile r\u00e9gl\u00e9es en premi\u00e8re instance<\/h3>\n<p>Le Secr\u00e9tariat d&#8217;\u00c9tat aux migrations a r\u00e9gl\u00e9 2027 demandes d&#8217;asile en janvier 2023. Parmi elles, 694\u00a0ont abouti \u00e0 une d\u00e9cision de non-entr\u00e9e en mati\u00e8re (dont 587 sur la base de l&#8217;accord de Dublin), 399 \u00e0 l&#8217;octroi de l&#8217;asile et 571 \u00e0 une admission provisoire en premi\u00e8re instance. Le nombre de cas en suspens en premi\u00e8re instance s&#8217;\u00e9l\u00e8ve \u00e0 12 768, soit 529 de plus que le mois pr\u00e9c\u00e9dent.<\/p>\n<h3>D\u00e9parts<\/h3>\n<p>En janvier 2023, 1025 personnes ont quitt\u00e9 la Suisse sous le contr\u00f4le des autorit\u00e9s ou ont \u00e9t\u00e9 renvoy\u00e9es dans leur pays ou dans un pays tiers. La Suisse a demand\u00e9 \u00e0 d&#8217;autres \u00c9tats Dublin de prendre en charge 1060\u00a0requ\u00e9rants. Parall\u00e8lement, 173\u00a0personnes ont \u00e9t\u00e9 transf\u00e9r\u00e9es dans l&#8217;\u00c9tat Dublin responsable du traitement de leur demande d&#8217;asile. La Suisse a, quant \u00e0 elle, re\u00e7u 400\u00a0demandes de prise en charge \u00e9manant d&#8217;autres \u00c9tats Dublin, et 41\u00a0personnes ont \u00e9t\u00e9 transf\u00e9r\u00e9es sur son territoire.<b><br \/>\n<\/b><\/p>\n<h3>Ukraine : statut de protection\u00a0S\u00a0(proc\u00e9dure sp\u00e9ciale)<b><br \/>\n<\/b><\/h3>\n<p>Le 12 mars 2022, le Conseil f\u00e9d\u00e9ral a pour la premi\u00e8re fois activ\u00e9 le statut de protection S, afin que la Suisse puisse accueillir des personnes venant d&#8217;Ukraine qui ont besoin de protection.<\/p>\n<p>En janvier 2023, 2181 personnes ont d\u00e9pos\u00e9 une demande de statut S dans un centre f\u00e9d\u00e9ral pour requ\u00e9rants d&#8217;asile ; ce statut a \u00e9t\u00e9 accord\u00e9 \u00e0 2146 personnes et refus\u00e9 \u00e0 67 autres, qui ne remplissaient pas les crit\u00e8res.<\/p>\n<p>Depuis l&#8217;activation du statut de protection\u00a0S, celui-ci a pris fin pour 8967\u00a0personnes et la fin du statut est en cours d&#8217;examen pour 1205\u00a0autres. Fin janvier, 63 964\u00a0personnes b\u00e9n\u00e9ficiaient du statut S.<\/p>\n<\/div>\n","protected":false},"excerpt":{"rendered":"<p>Les pays les plus repr\u00e9sent\u00e9s ont \u00e9t\u00e9 l\u2019Afghanistan et la Turquie. En outre, 2146 personnes ayant fui l\u2019Ukraine ont obtenu le statut de protection S au cours du mois sous revu<\/p>\n","protected":false},"author":4,"featured_media":547106,"comment_status":"closed","ping_status":"closed","sticky":false,"template":"","format":"standard","meta":{"footnotes":""},"categories":[18826,1170],"tags":[1671,1916],"vendi":[],"content_country":[31835,31838,31840],"class_list":["post-627821","post","type-post","status-publish","format-standard","has-post-thumbnail","hentry","category-lajme-jeta-ne-zvicer-fr","category-vivre-en-suisse","tag-zvicer-fr","tag-azil-fr","content_country-austria-fr","content_country-germany-fr","content_country-zvicer-fr"],"acf":[],"_links":{"self":[{"href":"https:\/\/www.albinfo.at\/fr\/wp-json\/wp\/v2\/posts\/627821","targetHints":{"allow":["GET"]}}],"collection":[{"href":"https:\/\/www.albinfo.at\/fr\/wp-json\/wp\/v2\/posts"}],"about":[{"href":"https:\/\/www.albinfo.at\/fr\/wp-json\/wp\/v2\/types\/post"}],"author":[{"embeddable":true,"href":"https:\/\/www.albinfo.at\/fr\/wp-json\/wp\/v2\/users\/4"}],"replies":[{"embeddable":true,"href":"https:\/\/www.albinfo.at\/fr\/wp-json\/wp\/v2\/comments?post=627821"}],"version-history":[{"count":0,"href":"https:\/\/www.albinfo.at\/fr\/wp-json\/wp\/v2\/posts\/627821\/revisions"}],"wp:featuredmedia":[{"embeddable":true,"href":"https:\/\/www.albinfo.at\/fr\/wp-json\/wp\/v2\/media\/547106"}],"wp:attachment":[{"href":"https:\/\/www.albinfo.at\/fr\/wp-json\/wp\/v2\/media?parent=627821"}],"wp:term":[{"taxonomy":"category","embeddable":true,"href":"https:\/\/www.albinfo.at\/fr\/wp-json\/wp\/v2\/categories?post=627821"},{"taxonomy":"post_tag","embeddable":true,"href":"https:\/\/www.albinfo.at\/fr\/wp-json\/wp\/v2\/tags?post=627821"},{"taxonomy":"vendi","embeddable":true,"href":"https:\/\/www.albinfo.at\/fr\/wp-json\/wp\/v2\/vendi?post=627821"},{"taxonomy":"content_country","embeddable":true,"href":"https:\/\/www.albinfo.at\/fr\/wp-json\/wp\/v2\/content_country?post=627821"}],"curies":[{"name":"wp","href":"https:\/\/api.w.org\/{rel}","templated":true}]}}