{"id":625683,"date":"2023-02-14T23:39:29","date_gmt":"2023-02-14T22:39:29","guid":{"rendered":"https:\/\/www.albinfo.ch\/?p=625683"},"modified":"2023-02-14T23:41:03","modified_gmt":"2023-02-14T22:41:03","slug":"conge-parental-quattend-la-suisse","status":"publish","type":"post","link":"https:\/\/www.albinfo.at\/fr\/conge-parental-quattend-la-suisse\/","title":{"rendered":"Cong\u00e9 parental : qu\u2019attend la Suisse ?"},"content":{"rendered":"<p><strong>La Commission f\u00e9d\u00e9rale pour les questions familiales COFF entend faire avancer le d\u00e9bat sur l\u2019introduction d\u2019un cong\u00e9 parental \u00e9tendu au niveau national en proposant un mod\u00e8le pr\u00e9voyant une r\u00e9partition \u00e9galitaire. <\/strong><strong>Un tel cong\u00e9 renforcerait la participation des m\u00e8res au march\u00e9 du travail et aurait un impact positif sur les familles et sur la soci\u00e9t\u00e9. Dans son mod\u00e8le, la COFF met l\u2019accent sur le partage de la prise en charge entre les deux parents. Comme en 2010 d\u00e9j\u00e0, elle plaide pour un cong\u00e9 de 22 semaines s\u2019ajoutant aux 16 semaines actuelles de cong\u00e9 de maternit\u00e9 et de paternit\u00e9.<\/strong><\/p>\n<p>Depuis 2010, l\u2019introduction d\u2019un cong\u00e9 parental \u00e0 l\u2019\u00e9chelle nationale est l\u2019une des pr\u00e9occupations centrales de la commission. Ses diff\u00e9rentes publications sur les mod\u00e8les possibles, l\u2019utilit\u00e9 et le financement d\u2019un cong\u00e9 parental fournissent des informations utiles \u00e0 un d\u00e9bat public sur le sujet. Celui-ci a connu un regain d\u2019int\u00e9r\u00eat l\u2019an dernier, suite \u00e0 l\u2019introduction du cong\u00e9 de paternit\u00e9 et au lancement de diverses initiatives cantonales pour un cong\u00e9 parental. Ces derni\u00e8res \u00e9chouent cependant la plupart du temps. Outre la question des co\u00fbts, l\u2019un des arguments avanc\u00e9s est la n\u00e9cessit\u00e9 de parvenir \u00e0 une solution nationale plut\u00f4t qu\u2019\u00e0 26 r\u00e9glementations diff\u00e9rentes. Dans ce contexte, la COFF a actualis\u00e9 le mod\u00e8le de 38 semaines qu\u2019elle propose depuis 2010 en l\u2019adaptant aux nouveaux besoins des parents, de l\u2019\u00e9conomie et de la soci\u00e9t\u00e9.<\/p>\n<p>Par rapport aux anciennes propositions de la commission, ce mod\u00e8le adapt\u00e9 limite encore davantage la libre r\u00e9partition des semaines entre les parents. Dans les pays o\u00f9 le cong\u00e9 parental existe, il a en effet \u00e9t\u00e9 d\u00e9montr\u00e9 que le libre choix a un effet n\u00e9gatif sur le recours au cong\u00e9 parental par les p\u00e8res. La participation des m\u00e8res au march\u00e9 du travail ne s\u2019accro\u00eet ainsi pas, avec toutes les cons\u00e9quences n\u00e9gatives que cela implique : perspectives de carri\u00e8re insatisfaisantes, salaires plus bas et pr\u00e9voyance vieillesse insuffisante. Dans ce nouveau mod\u00e8le, les parents peuvent prendre chacun la moiti\u00e9 du cong\u00e9, soit 19 semaines, ou opter pour une r\u00e9partition flexible. Ainsi, les m\u00e8res peuvent b\u00e9n\u00e9ficier de 16 \u00e0 23 semaines de cong\u00e9 et les p\u00e8res, de 15 \u00e0 22 semaines. Les cong\u00e9s d\u00e9j\u00e0 existants, \u00e0 savoir 14 semaines pour la m\u00e8re et 2 semaines pour le p\u00e8re, sont conserv\u00e9s.<\/p>\n<p>Dans le document de position \u00ab Cong\u00e9 parental : qu\u2019attend la Suisse ? \u00bb, la commission formule en outre des propositions pour am\u00e9liorer les cong\u00e9s actuels de maternit\u00e9 et de paternit\u00e9. Celles-ci concernent la protection contre le licenciement pour les p\u00e8res, le droit \u00e0 l\u2019allocation en cas de reprise anticip\u00e9e r\u00e9duite de l\u2019activit\u00e9, la flexibilisation de la prise du cong\u00e9, l\u2019adaptation des conditions d\u2019octroi en raison de la diversification des configurations familiales et la prolongation du cong\u00e9 simultan\u00e9 en cas de besoin accru de soutien.<\/p>\n<h2>Questions de soci\u00e9t\u00e9 et politique familiale<\/h2>\n<p>La COFF est une commission extraparlementaire consultative qui s\u2019engage pour des conditions favorables aux familles. En tant que commission sp\u00e9cialis\u00e9e, elle veille \u00e0 fournir aux autorit\u00e9s politiques et administratives des connaissances sp\u00e9cifiques sur la politique familiale.<\/p>\n<p><a href=\"https:\/\/www.admin.ch\/gov\/fr\/accueil\/documentation\/communiques.msg-id-93051.html\">\/admin.ch\/<\/a><\/p>\n","protected":false},"excerpt":{"rendered":"<p>La Commission f\u00e9d\u00e9rale pour les questions familiales COFF entend faire avancer le d\u00e9bat sur l\u2019introduction d\u2019un cong\u00e9 parental \u00e9tendu au niveau national en proposant un mod\u00e8le pr\u00e9voyant une r\u00e9partition \u00e9galitaire. Un tel cong\u00e9 renforcerait la participation des m\u00e8res au march\u00e9 du travail et aurait un impact positif sur les familles et sur la soci\u00e9t\u00e9. Dans [&hellip;]<\/p>\n","protected":false},"author":6,"featured_media":211221,"comment_status":"closed","ping_status":"closed","sticky":false,"template":"","format":"standard","meta":{"footnotes":""},"categories":[18826,1170],"tags":[1671],"vendi":[],"content_country":[31835,31838,31840],"class_list":["post-625683","post","type-post","status-publish","format-standard","has-post-thumbnail","hentry","category-lajme-jeta-ne-zvicer-fr","category-vivre-en-suisse","tag-zvicer-fr","content_country-austria-fr","content_country-germany-fr","content_country-zvicer-fr"],"acf":[],"_links":{"self":[{"href":"https:\/\/www.albinfo.at\/fr\/wp-json\/wp\/v2\/posts\/625683","targetHints":{"allow":["GET"]}}],"collection":[{"href":"https:\/\/www.albinfo.at\/fr\/wp-json\/wp\/v2\/posts"}],"about":[{"href":"https:\/\/www.albinfo.at\/fr\/wp-json\/wp\/v2\/types\/post"}],"author":[{"embeddable":true,"href":"https:\/\/www.albinfo.at\/fr\/wp-json\/wp\/v2\/users\/6"}],"replies":[{"embeddable":true,"href":"https:\/\/www.albinfo.at\/fr\/wp-json\/wp\/v2\/comments?post=625683"}],"version-history":[{"count":0,"href":"https:\/\/www.albinfo.at\/fr\/wp-json\/wp\/v2\/posts\/625683\/revisions"}],"wp:featuredmedia":[{"embeddable":true,"href":"https:\/\/www.albinfo.at\/fr\/wp-json\/wp\/v2\/media\/211221"}],"wp:attachment":[{"href":"https:\/\/www.albinfo.at\/fr\/wp-json\/wp\/v2\/media?parent=625683"}],"wp:term":[{"taxonomy":"category","embeddable":true,"href":"https:\/\/www.albinfo.at\/fr\/wp-json\/wp\/v2\/categories?post=625683"},{"taxonomy":"post_tag","embeddable":true,"href":"https:\/\/www.albinfo.at\/fr\/wp-json\/wp\/v2\/tags?post=625683"},{"taxonomy":"vendi","embeddable":true,"href":"https:\/\/www.albinfo.at\/fr\/wp-json\/wp\/v2\/vendi?post=625683"},{"taxonomy":"content_country","embeddable":true,"href":"https:\/\/www.albinfo.at\/fr\/wp-json\/wp\/v2\/content_country?post=625683"}],"curies":[{"name":"wp","href":"https:\/\/api.w.org\/{rel}","templated":true}]}}