{"id":621054,"date":"2023-01-24T17:24:12","date_gmt":"2023-01-24T16:24:12","guid":{"rendered":"https:\/\/www.albinfo.ch\/?p=621054"},"modified":"2023-01-24T17:26:03","modified_gmt":"2023-01-24T16:26:03","slug":"xhaka-est-elu-joueur-de-lannee-en-suisse","status":"publish","type":"post","link":"https:\/\/www.albinfo.at\/fr\/xhaka-est-elu-joueur-de-lannee-en-suisse\/","title":{"rendered":"Xhaka est \u00e9lu joueur de l&#8217;ann\u00e9e en Suisse"},"content":{"rendered":"<p>Xhaka a emport\u00e9 le prix du joueur suisse de l\u2019ann\u00e9e, laissant derri\u00e8re lui Yann Sommer (Bayern Munich) et Manuel Akanji (Manchester City)<\/p>\n<p>Les meilleurs joueurs de 2022 ont \u00e9t\u00e9 honor\u00e9s \u00e0 Berne \u00e0 l\u2019occasion de la Swiss Football Night, organis\u00e9e par l&#8217;Association suisse de football et la Ligue suisse de football, rapporte <a href=\"http:\/\/albinfo.ch\">albinfo.ch<\/a>. Le troph\u00e9e \u00ab Iconic \u00bb \u00e9tait divis\u00e9 en six cat\u00e9gories.<\/p>\n<p>Joueur de l&#8217;ann\u00e9e en Suisse : Granit Xhaka<\/p>\n<p>Le milieu de terrain albanais de 30 ans est le capitaine et l&#8217;un des joueurs les plus importants de l&#8217;\u00e9quipe nationale suisse. Fin mars, lors du match contre le Kosovo, il n&#8217;\u00e9tait que le sixi\u00e8me Suisse \u00e0 atteindre la barre des 100 matches internationaux, selon <a href=\"http:\/\/sfr.ch\">sfr.ch<\/a>.<\/p>\n<p>Xhaka est \u00e9galement l&#8217;un des joueurs incontest\u00e9s d&#8217;Arsenal \u00e0 Londres. Il est actuellement en t\u00eate du classement de la Premier League avec les Londoniens, rapporte <a href=\"http:\/\/albinfo.ch\">albinfo.ch<\/a>. Xhaka a emport\u00e9 le prix du joueur suisse de l\u2019ann\u00e9e, laissant derri\u00e8re lui Yann Sommer (Bayern Munich) et Manuel Akanji (Manchester City)<\/p>\n<p>A cette occasion, il a remerci\u00e9 &#8220;tout le monde pour tout&#8221; qu&#8217;ils ont fait pour lui, pour tous ceux &#8220;qui ont cru en moi&#8221;. Ses remerciements vont \u00e0 l&#8217;entra\u00eeneur de Nati, ses co\u00e9quipiers et \u00e0 sa famille. Il s\u2019est \u00e9galement montr\u00e9 reconnaissant envers ceux qui &#8220;n\u2019ont pas cru en lui&#8221; du fait de l&#8217;avoir motiv\u00e9 \u00e0 devenir encore meilleur, \u00e9crit <a href=\"http:\/\/albinfo.ch\">albinfo.ch<\/a>.<\/p>\n<p>Joueuse suisse de l&#8217;ann\u00e9e : Ramona Bachmann<\/p>\n<p>L&#8217;attaquante de 32 ans a jou\u00e9 pour Rosenborg, Wolfsburg et Chelsea et a rencontr\u00e9 un grand succ\u00e8s avec tous ces clubs. La joueuse originaire de Lucerne est sous contrat avec le Paris St-Germain depuis 2020, rapporte <a href=\"http:\/\/albinfo.ch\">albinfo.ch<\/a>. Avec les Fran\u00e7aises, elle est devenue championne en 2021 et un an plus tard vainqueur de la coupe. Bachmann fait partie int\u00e9grante de l&#8217;\u00e9quipe nationale depuis 2007.<\/p>\n<p>Jusqu&#8217;\u00e0 pr\u00e9sent, elle a disput\u00e9 129 matches internationaux, marquant 57 buts.<\/p>\n<p><strong>BOX<\/strong><\/p>\n<p>Autres gagnants de la soir\u00e9e :<\/p>\n<p>Joueur de Super League de l&#8217;ann\u00e9e : Fabian Rieder (YB)<\/p>\n<p>Jeune de l&#8217;ann\u00e9e : Fabian Rieder (YB)<\/p>\n<p>Joueur de l&#8217;ann\u00e9e en Challenge League : Brighton Labeau (Lausanne-Sport)<\/p>\n<p>Joueuse de l&#8217;ann\u00e9e en Super League f\u00e9minine : Fabienne Humm (FCZ)<\/p>\n<p>&nbsp;<\/p>\n","protected":false},"excerpt":{"rendered":"<p>Xhaka a emport\u00e9 le prix du joueur suisse de l\u2019ann\u00e9e, laissant derri\u00e8re lui Yann Sommer (Bayern Munich) et Manuel Akanji (Manchester City) Les meilleurs joueurs de 2022 ont \u00e9t\u00e9 honor\u00e9s \u00e0 Berne \u00e0 l\u2019occasion de la Swiss Football Night, organis\u00e9e par l&#8217;Association suisse de football et la Ligue suisse de football, rapporte albinfo.ch. Le troph\u00e9e [&hellip;]<\/p>\n","protected":false},"author":6,"featured_media":620890,"comment_status":"open","ping_status":"open","sticky":false,"template":"","format":"standard","meta":{"footnotes":""},"categories":[24671,1169],"tags":[],"vendi":[],"content_country":[31835,31838,31840],"class_list":["post-621054","post","type-post","status-publish","format-standard","has-post-thumbnail","hentry","category-football","category-sport-fr","content_country-austria-fr","content_country-germany-fr","content_country-zvicer-fr"],"acf":[],"_links":{"self":[{"href":"https:\/\/www.albinfo.at\/fr\/wp-json\/wp\/v2\/posts\/621054","targetHints":{"allow":["GET"]}}],"collection":[{"href":"https:\/\/www.albinfo.at\/fr\/wp-json\/wp\/v2\/posts"}],"about":[{"href":"https:\/\/www.albinfo.at\/fr\/wp-json\/wp\/v2\/types\/post"}],"author":[{"embeddable":true,"href":"https:\/\/www.albinfo.at\/fr\/wp-json\/wp\/v2\/users\/6"}],"replies":[{"embeddable":true,"href":"https:\/\/www.albinfo.at\/fr\/wp-json\/wp\/v2\/comments?post=621054"}],"version-history":[{"count":0,"href":"https:\/\/www.albinfo.at\/fr\/wp-json\/wp\/v2\/posts\/621054\/revisions"}],"wp:featuredmedia":[{"embeddable":true,"href":"https:\/\/www.albinfo.at\/fr\/wp-json\/wp\/v2\/media\/620890"}],"wp:attachment":[{"href":"https:\/\/www.albinfo.at\/fr\/wp-json\/wp\/v2\/media?parent=621054"}],"wp:term":[{"taxonomy":"category","embeddable":true,"href":"https:\/\/www.albinfo.at\/fr\/wp-json\/wp\/v2\/categories?post=621054"},{"taxonomy":"post_tag","embeddable":true,"href":"https:\/\/www.albinfo.at\/fr\/wp-json\/wp\/v2\/tags?post=621054"},{"taxonomy":"vendi","embeddable":true,"href":"https:\/\/www.albinfo.at\/fr\/wp-json\/wp\/v2\/vendi?post=621054"},{"taxonomy":"content_country","embeddable":true,"href":"https:\/\/www.albinfo.at\/fr\/wp-json\/wp\/v2\/content_country?post=621054"}],"curies":[{"name":"wp","href":"https:\/\/api.w.org\/{rel}","templated":true}]}}