{"id":618201,"date":"2023-01-11T18:21:41","date_gmt":"2023-01-11T17:21:41","guid":{"rendered":"https:\/\/www.albinfo.ch\/?p=618201"},"modified":"2023-01-22T22:42:01","modified_gmt":"2023-01-22T21:42:01","slug":"la-langue-albanaise-a-la-troisieme-place-parmi-les-langues-etrangeres-en-suisse","status":"publish","type":"post","link":"https:\/\/www.albinfo.at\/fr\/la-langue-albanaise-a-la-troisieme-place-parmi-les-langues-etrangeres-en-suisse\/","title":{"rendered":"La langue albanaise \u00e0 la troisi\u00e8me place parmi les langues \u00e9trang\u00e8res en Suisse"},"content":{"rendered":"<p>Les albanophones occupent la deuxi\u00e8me place (apr\u00e8s les anglophones) dans la suisse al\u00e9manique, la troisi\u00e8me dans la zone romande\/francophone et la cinqui\u00e8me dans la r\u00e9gion tessinoise.<\/p>\n<p>L&#8217;Office f\u00e9d\u00e9ral de la statistique (OFS) a publi\u00e9 les derni\u00e8res donn\u00e9es sur la r\u00e9partition des langues parl\u00e9es en Suisse en 2020 et les \u00e9volutions par rapport \u00e0 2010.<\/p>\n<p>Albinfo.ch a tir\u00e9 de la brochure publi\u00e9e par l\u2019OFS les donn\u00e9es les plus pertinentes portant sur la diffusion de la langue albanaise dans les r\u00e9gions linguistiques suisses, comme dans les r\u00e9gions allemandes, fran\u00e7aise et italienne.<\/p>\n<p>&#8220;Depuis le milieu du 20e si\u00e8cle, la part des langues non nationales est en rapport direct avec l\u2019augmentation de la population \u00e9trang\u00e8re et avec l\u2019\u00e9volution de sa composition&#8221;, indique l&#8217;introduction de la publication.<\/p>\n<p>En 2000, les langues non nationales les plus parl\u00e9es \u00e9taient les langues balkaniques c\u2019est-\u00e0-dire le croate et l&#8217;albanais. Tandis qu\u2019en 2020, l&#8217;anglais \u00e9tait en t\u00eate (6,7%), suivi du portugais (3,5%), de l&#8217;albanais (2,8%) et de l&#8217;espagnol (2,4%), \u00e9crit <a href=\"http:\/\/albinfo.ch\">albinfo.ch<\/a>.<\/p>\n<p>Alors que les langues ex-yougoslaves, r\u00e9sum\u00e9es par l&#8217;abr\u00e9viation BKMS (le bosniaque, le croate, le mont\u00e9n\u00e9grin et le serbe) repr\u00e9sentent ensemble 2,4%.<\/p>\n<p>Toutes les langues non nationales \u00e0 l&#8217;exception des BKMS, du n\u00e9erlandais, de l&#8217;allemand et du turc ont \u00e9t\u00e9 cit\u00e9es plus souvent par la population sur 15 ans comme langues principales par rapport \u00e0 2010. L&#8217;anglais en particulier a connu \u00e0 partir de la premi\u00e8re d\u00e9cennie du si\u00e8cle une forte hausse\u00a0: ses locuteurs ont augment\u00e9 de 2,2 points de pourcentage en 2020.<\/p>\n<p>Le portugais a \u00e9galement mont\u00e9 au classement (+0,5 point de pourcentage) tandis que l&#8217;albanais et l&#8217;espagnol ont tous les deux augment\u00e9 de +0,3 point de pourcentage.<\/p>\n<p>L\u2019usage des langues non maternelles selon les diff\u00e9rentes r\u00e9gions linguistiques en Suisse reste tout du moins int\u00e9ressant.<\/p>\n<p>Ainsi, en zone germanophone, 6,5% de la population d\u00e9clarent que pour eux l&#8217;anglais est la langue principale (pour les 15 ans et plus). Dans cette zone, la langue albanaise est deuxi\u00e8me, elle est parl\u00e9e par 3,2% des habitants, tandis que les quatre langues des Slaves du Sud, ensemble (BKMS), sont parl\u00e9es par 2,8%.<\/p>\n<p>Dans l&#8217;espace francophone, comme le montrent les graphiques, l&#8217;albanais (avec 2,2%) occupe la quatri\u00e8me place, apr\u00e8s l&#8217;anglais, le portugais et l&#8217;espagnol, \u00e9crit <a href=\"http:\/\/albinfo.ch\">albinfo.ch<\/a>. Alors que dans la zone italophone, la langue albanaise n&#8217;est qu&#8217;\u00e0 la cinqui\u00e8me place, apr\u00e8s l&#8217;anglais, le portugais, l&#8217;espagnol et le BKMS.<\/p>\n<p>&nbsp;<\/p>\n","protected":false},"excerpt":{"rendered":"<p>Les albanophones occupent la deuxi\u00e8me place (apr\u00e8s les anglophones) dans la suisse al\u00e9manique, la troisi\u00e8me dans la zone romande\/francophone et la cinqui\u00e8me dans la r\u00e9gion tessinoise. L&#8217;Office f\u00e9d\u00e9ral de la statistique (OFS) a publi\u00e9 les derni\u00e8res donn\u00e9es sur la r\u00e9partition des langues parl\u00e9es en Suisse en 2020 et les \u00e9volutions par rapport \u00e0 2010. Albinfo.ch [&hellip;]<\/p>\n","protected":false},"author":6,"featured_media":618202,"comment_status":"open","ping_status":"open","sticky":false,"template":"","format":"standard","meta":{"footnotes":""},"categories":[1171,24637,1164,1166,1163,1170],"tags":[1671],"vendi":[],"content_country":[31835,31838,31840],"class_list":["post-618201","post","type-post","status-publish","format-standard","has-post-thumbnail","hentry","category-thematique","category-nouvelles-fr-4","category-integration-fr","category-langues","category-fr-e-diaspora","category-vivre-en-suisse","tag-zvicer-fr","content_country-austria-fr","content_country-germany-fr","content_country-zvicer-fr"],"acf":[],"_links":{"self":[{"href":"https:\/\/www.albinfo.at\/fr\/wp-json\/wp\/v2\/posts\/618201","targetHints":{"allow":["GET"]}}],"collection":[{"href":"https:\/\/www.albinfo.at\/fr\/wp-json\/wp\/v2\/posts"}],"about":[{"href":"https:\/\/www.albinfo.at\/fr\/wp-json\/wp\/v2\/types\/post"}],"author":[{"embeddable":true,"href":"https:\/\/www.albinfo.at\/fr\/wp-json\/wp\/v2\/users\/6"}],"replies":[{"embeddable":true,"href":"https:\/\/www.albinfo.at\/fr\/wp-json\/wp\/v2\/comments?post=618201"}],"version-history":[{"count":0,"href":"https:\/\/www.albinfo.at\/fr\/wp-json\/wp\/v2\/posts\/618201\/revisions"}],"wp:featuredmedia":[{"embeddable":true,"href":"https:\/\/www.albinfo.at\/fr\/wp-json\/wp\/v2\/media\/618202"}],"wp:attachment":[{"href":"https:\/\/www.albinfo.at\/fr\/wp-json\/wp\/v2\/media?parent=618201"}],"wp:term":[{"taxonomy":"category","embeddable":true,"href":"https:\/\/www.albinfo.at\/fr\/wp-json\/wp\/v2\/categories?post=618201"},{"taxonomy":"post_tag","embeddable":true,"href":"https:\/\/www.albinfo.at\/fr\/wp-json\/wp\/v2\/tags?post=618201"},{"taxonomy":"vendi","embeddable":true,"href":"https:\/\/www.albinfo.at\/fr\/wp-json\/wp\/v2\/vendi?post=618201"},{"taxonomy":"content_country","embeddable":true,"href":"https:\/\/www.albinfo.at\/fr\/wp-json\/wp\/v2\/content_country?post=618201"}],"curies":[{"name":"wp","href":"https:\/\/api.w.org\/{rel}","templated":true}]}}