{"id":612415,"date":"2022-12-16T14:42:51","date_gmt":"2022-12-16T13:42:51","guid":{"rendered":"https:\/\/www.albinfo.ch\/?p=612415"},"modified":"2022-12-16T14:42:51","modified_gmt":"2022-12-16T13:42:51","slug":"internet-plus-rapide-inscrit-dans-le-service-universel","status":"publish","type":"post","link":"https:\/\/www.albinfo.at\/fr\/internet-plus-rapide-inscrit-dans-le-service-universel\/","title":{"rendered":"Internet plus rapide inscrit dans le service universel"},"content":{"rendered":"<div class=\"contentHead\"><\/div>\n<div class=\"mod mod-nsbnewsdetails\">\n<p><strong>Le Conseil f\u00e9d\u00e9ral augmente la vitesse de l&#8217;internet inscrite dans le service universel, avec, d\u00e8s 2024, un d\u00e9bit de transmission de 80 Mbit\/s. Le 16 d\u00e9cembre 2022, le Conseil f\u00e9d\u00e9ral a adopt\u00e9 la r\u00e9vision correspondante de l&#8217;ordonnance sur les services de t\u00e9l\u00e9communication. En profiteront en particulier les personnes qui vivent dans des r\u00e9gions sans offre \u00e9quivalente sur le march\u00e9. La Commission f\u00e9d\u00e9rale de la communication (ComCom) peut d\u00e9sormais lancer la proc\u00e9dure d&#8217;octroi de la prochaine concession de service universel.<\/strong><\/p>\n<p>Comme l&#8217;a illustr\u00e9 la pand\u00e9mie de COVID 19, l&#8217;acc\u00e8s \u00e0 des services \u00e0 large bande fiables et performants dans toutes les r\u00e9gions du pays est indispensable pour toutes les cat\u00e9gories de population. L&#8217;offre de service universel sera donc \u00e9largie dans la nouvelle concession \u00e0 partir de 2024. En r\u00e9visant l&#8217;ordonnance sur les services de t\u00e9l\u00e9communication (OST), le Conseil f\u00e9d\u00e9ral a adapt\u00e9 l&#8217;offre aux besoins sociaux et \u00e9conomiques ainsi qu&#8217;\u00e0 l&#8217;\u00e9tat de la technique. Les clients du service universel pourront choisir \u00e0 l&#8217;avenir entre l&#8217;acc\u00e8s \u00e0 l&#8217;internet actuel, avec un d\u00e9bit de t\u00e9l\u00e9chargement et de t\u00e9l\u00e9versement de respectivement 10 et 1 Mbit par seconde, et le nouvel acc\u00e8s \u00e0 80\/8 Mbit\/s.<\/p>\n<p>L&#8217;ordonnance r\u00e9vis\u00e9e pr\u00e9voit explicitement le principe de subsidiarit\u00e9. Si une solution est d\u00e9j\u00e0 disponible sur le march\u00e9, aucune offre relevant du service universel n&#8217;est pr\u00e9vue. La mise en \u0153uvre est technologiquement neutre : les r\u00e9gions p\u00e9riph\u00e9riques peuvent donc \u00e9galement \u00eatre raccord\u00e9es par des solutions de radiocommunication mobile ou par satellite, ce qui permet une r\u00e9alisation rapide. Une limite de prix est aussi pr\u00e9vue : l\u2019acc\u00e8s \u00e0 l&#8217;internet \u00e0 80\/8 Mbit\/s co\u00fbtera 60 francs par mois (hors TVA).<\/p>\n<p>Dans le cadre de la consultation, environ 70 prises de position ont \u00e9t\u00e9 recueillies, dont la grande majorit\u00e9 saluait la proposition d&#8217;inclure dans le service universel une offre de d\u00e9bit internet de 80\/8 Mbit\/s.<\/p>\n<p><b>Pr\u00e9paration et octroi de la future concession<\/b><\/p>\n<p>Actuellement, Swisscom est titulaire de la concession de service universel, qui expire fin 2023. La ComCom, l\u2019organe comp\u00e9tent pour l&#8217;octroi de la concession, peut d\u00e9sormais lancer la proc\u00e9dure d&#8217;attribution de la future concession, qui entrera en vigueur en 2024.<\/p>\n<p class=\"nsbtextkasten\"><b>Nouvelle modification du service universel \u00e0 partir de 2024<\/b><\/p>\n<p>L&#8217;\u00e9tendue du service universel sera largement maintenue, \u00e0 l&#8217;exception du service t\u00e9l\u00e9phonique avec trois num\u00e9ros, qui est supprim\u00e9. Ce service permet d&#8217;utiliser plusieurs num\u00e9ros en m\u00eame temps sur un m\u00eame raccordement, afin de mener plusieurs conversations en parall\u00e8le. L&#8217;abandon de cette offre s&#8217;explique par la baisse de la demande ainsi que par le nombre suffisant d&#8217;alternatives disponibles sur le march\u00e9 pour t\u00e9l\u00e9phoner avec plusieurs num\u00e9ros, comme par exemple les applications bas\u00e9es sur l&#8217;internet<b>.<\/b><\/p>\n<\/div>\n","protected":false},"excerpt":{"rendered":"<p>Une limite de prix est aussi pr\u00e9vue : l\u2019acc\u00e8s \u00e0 l&#8217;internet \u00e0 80\/8 Mbit\/s co\u00fbtera 60 francs par mois (hors TVA)<\/p>\n","protected":false},"author":4,"featured_media":612491,"comment_status":"open","ping_status":"open","sticky":false,"template":"","format":"standard","meta":{"footnotes":""},"categories":[18826,24696,1170],"tags":[1671],"vendi":[],"content_country":[31835,31838,31840],"class_list":["post-612415","post","type-post","status-publish","format-standard","has-post-thumbnail","hentry","category-lajme-jeta-ne-zvicer-fr","category-autotech-fr","category-vivre-en-suisse","tag-zvicer-fr","content_country-austria-fr","content_country-germany-fr","content_country-zvicer-fr"],"acf":[],"_links":{"self":[{"href":"https:\/\/www.albinfo.at\/fr\/wp-json\/wp\/v2\/posts\/612415","targetHints":{"allow":["GET"]}}],"collection":[{"href":"https:\/\/www.albinfo.at\/fr\/wp-json\/wp\/v2\/posts"}],"about":[{"href":"https:\/\/www.albinfo.at\/fr\/wp-json\/wp\/v2\/types\/post"}],"author":[{"embeddable":true,"href":"https:\/\/www.albinfo.at\/fr\/wp-json\/wp\/v2\/users\/4"}],"replies":[{"embeddable":true,"href":"https:\/\/www.albinfo.at\/fr\/wp-json\/wp\/v2\/comments?post=612415"}],"version-history":[{"count":0,"href":"https:\/\/www.albinfo.at\/fr\/wp-json\/wp\/v2\/posts\/612415\/revisions"}],"wp:featuredmedia":[{"embeddable":true,"href":"https:\/\/www.albinfo.at\/fr\/wp-json\/wp\/v2\/media\/612491"}],"wp:attachment":[{"href":"https:\/\/www.albinfo.at\/fr\/wp-json\/wp\/v2\/media?parent=612415"}],"wp:term":[{"taxonomy":"category","embeddable":true,"href":"https:\/\/www.albinfo.at\/fr\/wp-json\/wp\/v2\/categories?post=612415"},{"taxonomy":"post_tag","embeddable":true,"href":"https:\/\/www.albinfo.at\/fr\/wp-json\/wp\/v2\/tags?post=612415"},{"taxonomy":"vendi","embeddable":true,"href":"https:\/\/www.albinfo.at\/fr\/wp-json\/wp\/v2\/vendi?post=612415"},{"taxonomy":"content_country","embeddable":true,"href":"https:\/\/www.albinfo.at\/fr\/wp-json\/wp\/v2\/content_country?post=612415"}],"curies":[{"name":"wp","href":"https:\/\/api.w.org\/{rel}","templated":true}]}}