{"id":602855,"date":"2022-11-11T09:20:46","date_gmt":"2022-11-11T08:20:46","guid":{"rendered":"https:\/\/www.albinfo.ch\/?p=602855"},"modified":"2022-11-11T09:20:46","modified_gmt":"2022-11-11T08:20:46","slug":"linitiative-du-conseiller-communal-albanais-lemporte-la-police-doit-emettre-des-factures-apres-un-controle","status":"publish","type":"post","link":"https:\/\/www.albinfo.at\/fr\/linitiative-du-conseiller-communal-albanais-lemporte-la-police-doit-emettre-des-factures-apres-un-controle\/","title":{"rendered":"L&#8217;initiative du conseiller communal albanais l&#8217;emporte : la police doit \u00e9mettre des factures apr\u00e8s un contr\u00f4le"},"content":{"rendered":"<p>Durant son enfance, le politicien Reis Luzhnica a \u00e9t\u00e9 victime de profilage racial. Il cherche maintenant \u00e0 r\u00e9soudre ce probl\u00e8me par le biais d\u2019une initiative \u00e0 l&#8217;Assembl\u00e9e de Zurich<\/p>\n<p>Deux conseillers communaux du PS exigent que la police de la ville de Zurich \u00e9mette \u00e0 l&#8217;avenir des factures portant sur les contr\u00f4les d&#8217;identit\u00e9, rapporte <a href=\"http:\/\/albinfo.ch\">albinfo.ch<\/a>. La facture doit contenir des informations sur la personne contr\u00f4l\u00e9e, le poste et le num\u00e9ro du policier, des informations g\u00e9n\u00e9rales telles que l&#8217;heure, le lieu et le motif de la fouille.<\/p>\n<p>Le but : r\u00e9duire les contr\u00f4les arbitraires sur les personnes en fonction de leur apparence ou de leur origine.<\/p>\n<p>Reis Luzhinca est l\u2019un des auteurs de l\u2019initiative. Il est membre du conseil communal de Zurich, en tant que membre de l&#8217;assembl\u00e9e du PS.<\/p>\n<p>Comme indiqu\u00e9 lors de la r\u00e9union du conseil, l&#8217;homme de 32 ans d&#8217;origine albanaise, il a \u00e9t\u00e9 constamment contr\u00f4l\u00e9 par la police pendant son enfance. Il \u00e9tait souvent accompagn\u00e9 de ses amis lors des contr\u00f4les, mais lui seul a \u00e9t\u00e9 contr\u00f4l\u00e9 par la police, rapporte &#8220;Tagesanzeiger&#8221;.<\/p>\n<p>Malgr\u00e9 quelques votes contre \u2013 la motion a \u00e9t\u00e9 approuv\u00e9e.<\/p>\n<p>L\u2019initiative, outre le PS, a \u00e9galement \u00e9t\u00e9 approuv\u00e9e par les repr\u00e9sentants des Vert\u2019lib\u00e9raux et la liste alternative du conseil communal. Cependant, la responsable de la s\u00e9curit\u00e9, Karin Rykart (des Verts), ne s\u2019est pas montr\u00e9e trop enthousiaste au sujet de l\u2019initiative<\/p>\n<p>Selon elle, la ville a d\u00e9j\u00e0 mis en place des mesures suffisantes contre le profilage racial. &#8220;La facture avec nom et pr\u00e9nom ne constitue aucune valeur ajout\u00e9e&#8221;, s\u2019est-elle exprim\u00e9e au Tagesanzeiger.<\/p>\n<p>En outre, l&#8217;initiative n&#8217;a pas \u00e9t\u00e9 bien accueillie par le PLR et l&#8217;UDC non plus. En effet, ces partis craignent que les projets de loi ne cr\u00e9ent un &#8220;monstre bureaucratique&#8221;, rapporte <a href=\"http:\/\/albinfo.ch\">albinfo.ch<\/a>. Cependant, l&#8217;initiative a \u00e9t\u00e9 approuv\u00e9e par le conseil communal \u00e0 72 voix pour et 41 contre.<\/p>\n","protected":false},"excerpt":{"rendered":"<p>Durant son enfance, le politicien Reis Luzhnica a \u00e9t\u00e9 victime de profilage racial. Il cherche maintenant \u00e0 r\u00e9soudre ce probl\u00e8me par le biais d\u2019une initiative \u00e0 l&#8217;Assembl\u00e9e de Zurich Deux conseillers communaux du PS exigent que la police de la ville de Zurich \u00e9mette \u00e0 l&#8217;avenir des factures portant sur les contr\u00f4les d&#8217;identit\u00e9, rapporte albinfo.ch. [&hellip;]<\/p>\n","protected":false},"author":6,"featured_media":495340,"comment_status":"open","ping_status":"open","sticky":false,"template":"","format":"standard","meta":{"footnotes":""},"categories":[1171,24637,1164,18826,1163,1170,1411,2014],"tags":[],"vendi":[],"content_country":[31835,31838,31840],"class_list":["post-602855","post","type-post","status-publish","format-standard","has-post-thumbnail","hentry","category-thematique","category-nouvelles-fr-4","category-integration-fr","category-lajme-jeta-ne-zvicer-fr","category-fr-e-diaspora","category-vivre-en-suisse","category-newsletter-fr","category-newsletter-media-fr","content_country-austria-fr","content_country-germany-fr","content_country-zvicer-fr"],"acf":[],"_links":{"self":[{"href":"https:\/\/www.albinfo.at\/fr\/wp-json\/wp\/v2\/posts\/602855","targetHints":{"allow":["GET"]}}],"collection":[{"href":"https:\/\/www.albinfo.at\/fr\/wp-json\/wp\/v2\/posts"}],"about":[{"href":"https:\/\/www.albinfo.at\/fr\/wp-json\/wp\/v2\/types\/post"}],"author":[{"embeddable":true,"href":"https:\/\/www.albinfo.at\/fr\/wp-json\/wp\/v2\/users\/6"}],"replies":[{"embeddable":true,"href":"https:\/\/www.albinfo.at\/fr\/wp-json\/wp\/v2\/comments?post=602855"}],"version-history":[{"count":0,"href":"https:\/\/www.albinfo.at\/fr\/wp-json\/wp\/v2\/posts\/602855\/revisions"}],"wp:featuredmedia":[{"embeddable":true,"href":"https:\/\/www.albinfo.at\/fr\/wp-json\/wp\/v2\/media\/495340"}],"wp:attachment":[{"href":"https:\/\/www.albinfo.at\/fr\/wp-json\/wp\/v2\/media?parent=602855"}],"wp:term":[{"taxonomy":"category","embeddable":true,"href":"https:\/\/www.albinfo.at\/fr\/wp-json\/wp\/v2\/categories?post=602855"},{"taxonomy":"post_tag","embeddable":true,"href":"https:\/\/www.albinfo.at\/fr\/wp-json\/wp\/v2\/tags?post=602855"},{"taxonomy":"vendi","embeddable":true,"href":"https:\/\/www.albinfo.at\/fr\/wp-json\/wp\/v2\/vendi?post=602855"},{"taxonomy":"content_country","embeddable":true,"href":"https:\/\/www.albinfo.at\/fr\/wp-json\/wp\/v2\/content_country?post=602855"}],"curies":[{"name":"wp","href":"https:\/\/api.w.org\/{rel}","templated":true}]}}