{"id":601870,"date":"2022-11-07T18:24:01","date_gmt":"2022-11-07T17:24:01","guid":{"rendered":"https:\/\/www.albinfo.ch\/?p=601870"},"modified":"2022-11-07T22:36:03","modified_gmt":"2022-11-07T21:36:03","slug":"la-suisse-et-la-macedoine-du-nord-concluent-un-partenariat-migratoire","status":"publish","type":"post","link":"https:\/\/www.albinfo.at\/fr\/la-suisse-et-la-macedoine-du-nord-concluent-un-partenariat-migratoire\/","title":{"rendered":"La Suisse et la Mac\u00e9doine du Nord concluent un partenariat migratoire"},"content":{"rendered":"<div class=\"contentHead\"><\/div>\n<div class=\"mod mod-nsbnewsdetails\">\n<p><strong>La Suisse et la Mac\u00e9doine du Nord sont d\u00e9sormais li\u00e9es par un partenariat migratoire. La conseill\u00e8re f\u00e9d\u00e9rale Karin Keller-Sutter et le ministre de l\u2019int\u00e9rieur de la Mac\u00e9doine du Nord, Oliver Spasovski, ont sign\u00e9 un m\u00e9morandum d\u2019entente \u00e0 cet effet le 7 novembre 2022 \u00e0 Berne. La Suisse a ainsi conclu des partenariats migratoires avec quatre pays des Balkans occidentaux.<\/strong><\/p>\n<p>Le m\u00e9morandum d&#8217;entente constitue le cadre g\u00e9n\u00e9ral pour tous les aspects de la coop\u00e9ration migratoire entre la Suisse et la Mac\u00e9doine du Nord. Il pr\u00e9voit d&#8217;\u00e9tablir un processus de dialogue et de r\u00e9flexion communs afin d&#8217;\u00e9tendre la coop\u00e9ration dans plusieurs domaines entre les deux pays, notamment la pr\u00e9vention de la migration irr\u00e9guli\u00e8re, la r\u00e9admission, la promotion de la migration r\u00e9guli\u00e8re, ou encore les synergies entre la migration et le d\u00e9veloppement.<\/p>\n<h3>Partenariats avec quatre pays des Balkans<\/h3>\n<p>La Suisse a d\u00e9sormais conclu au total huit partenariats migratoires, dont quatre avec les pays des Balkans occidentaux. Les premiers partenariats ont \u00e9t\u00e9 conclus avec la Bosnie et Herz\u00e9govine et avec la Serbie en 2009, puis avec le Kosovo l&#8217;ann\u00e9e suivante. La r\u00e9gion joue un r\u00f4le crucial pour la Suisse et toute l&#8217;Europe en mati\u00e8re de migration. Premier pays apr\u00e8s la Gr\u00e8ce par lequel passent les migrants qui veulent se rendre en Europe de l&#8217;Ouest par la route des Balkans, la Mac\u00e9doine du Nord a \u00e9t\u00e9 confront\u00e9e \u00e0 des d\u00e9fis majeurs pendant la crise migratoire de 2015-2016. Elle l&#8217;est \u00e0 nouveau depuis la recrudescence des flux migratoires apr\u00e8s l&#8217;assouplissement des mesures li\u00e9es \u00e0 la pand\u00e9mie de Covid.<\/p>\n<p>Au cours des derni\u00e8res ann\u00e9es, la Suisse et la Mac\u00e9doine du Nord ont intensifi\u00e9 leur collaboration en vue d&#8217;assurer une gestion efficace des migrations. La Suisse soutient actuellement un projet mis en \u0153uvre par l&#8217;Organisation internationale des migrations (OIM), qui vise \u00e0 renforcer la coop\u00e9ration transfrontali\u00e8re et les capacit\u00e9s de gestion des fronti\u00e8res en Mac\u00e9doine du Nord.<\/p>\n<p>Les deux pays sont par ailleurs li\u00e9s par un accord de r\u00e9admission depuis 2012. Le nombre de demandes d&#8217;asile d\u00e9pos\u00e9es en Suisse par des ressortissants de Mac\u00e9doine du Nord a depuis lors massivement diminu\u00e9, passant de 1137\u00a0en 2012 \u00e0 69\u00a0\u00e0 peine en 2021. En 2009, la suppression de l&#8217;obligation de visa pour entrer dans l&#8217;espace Schengen &#8211; une d\u00e9cision \u00e9galement valable pour les ressortissants de Bosnie et Herz\u00e9govine et de Serbie &#8211; a aussi permis de renforcer la collaboration bilat\u00e9rale.<\/p>\n<p>La Suisse est \u00e9galement active en Mac\u00e9doine du Nord depuis de nombreuses ann\u00e9es par l&#8217;interm\u00e9diaire du Secr\u00e9tariat d&#8217;\u00c9tat \u00e0 l&#8217;\u00e9conomie (SECO) et de la Direction du d\u00e9veloppement et de la coop\u00e9ration (DDC). Le nouveau programme de coop\u00e9ration de la Suisse 2021-2024 est ax\u00e9 sur trois priorit\u00e9s, soit la gouvernance d\u00e9mocratique, le d\u00e9veloppement \u00e9conomique durable, ainsi que l&#8217;environnement et les services d&#8217;utilit\u00e9 publique durables.<\/p>\n<\/div>\n","protected":false},"excerpt":{"rendered":"<p>La conseill\u00e8re f\u00e9d\u00e9rale Karin Keller-Sutter et le ministre de l\u2019int\u00e9rieur de la Mac\u00e9doine du Nord, Oliver Spasovski, ont sign\u00e9 un m\u00e9morandum d\u2019entente \u00e0 cet effet le 7 novembre 2022 \u00e0 Berne<\/p>\n","protected":false},"author":4,"featured_media":601956,"comment_status":"open","ping_status":"open","sticky":false,"template":"","format":"standard","meta":{"footnotes":""},"categories":[1187,24624,1170,1411,2014],"tags":[],"vendi":[],"content_country":[],"class_list":["post-601870","post","type-post","status-publish","format-standard","has-post-thumbnail","hentry","category-breves","category-macedoine-du-nord-fr","category-vivre-en-suisse","category-newsletter-fr","category-newsletter-media-fr"],"acf":[],"_links":{"self":[{"href":"https:\/\/www.albinfo.at\/fr\/wp-json\/wp\/v2\/posts\/601870","targetHints":{"allow":["GET"]}}],"collection":[{"href":"https:\/\/www.albinfo.at\/fr\/wp-json\/wp\/v2\/posts"}],"about":[{"href":"https:\/\/www.albinfo.at\/fr\/wp-json\/wp\/v2\/types\/post"}],"author":[{"embeddable":true,"href":"https:\/\/www.albinfo.at\/fr\/wp-json\/wp\/v2\/users\/4"}],"replies":[{"embeddable":true,"href":"https:\/\/www.albinfo.at\/fr\/wp-json\/wp\/v2\/comments?post=601870"}],"version-history":[{"count":0,"href":"https:\/\/www.albinfo.at\/fr\/wp-json\/wp\/v2\/posts\/601870\/revisions"}],"wp:featuredmedia":[{"embeddable":true,"href":"https:\/\/www.albinfo.at\/fr\/wp-json\/wp\/v2\/media\/601956"}],"wp:attachment":[{"href":"https:\/\/www.albinfo.at\/fr\/wp-json\/wp\/v2\/media?parent=601870"}],"wp:term":[{"taxonomy":"category","embeddable":true,"href":"https:\/\/www.albinfo.at\/fr\/wp-json\/wp\/v2\/categories?post=601870"},{"taxonomy":"post_tag","embeddable":true,"href":"https:\/\/www.albinfo.at\/fr\/wp-json\/wp\/v2\/tags?post=601870"},{"taxonomy":"vendi","embeddable":true,"href":"https:\/\/www.albinfo.at\/fr\/wp-json\/wp\/v2\/vendi?post=601870"},{"taxonomy":"content_country","embeddable":true,"href":"https:\/\/www.albinfo.at\/fr\/wp-json\/wp\/v2\/content_country?post=601870"}],"curies":[{"name":"wp","href":"https:\/\/api.w.org\/{rel}","templated":true}]}}