{"id":599163,"date":"2022-10-27T16:37:47","date_gmt":"2022-10-27T14:37:47","guid":{"rendered":"https:\/\/www.albinfo.ch\/?p=599163"},"modified":"2022-10-27T16:37:47","modified_gmt":"2022-10-27T14:37:47","slug":"les-centres-federaux-pour-requerants-dasile-frolent-la-saturation-des-departs-anticipes-pour-les-cantons-simposent","status":"publish","type":"post","link":"https:\/\/www.albinfo.at\/fr\/les-centres-federaux-pour-requerants-dasile-frolent-la-saturation-des-departs-anticipes-pour-les-cantons-simposent\/","title":{"rendered":"Les centres f\u00e9d\u00e9raux pour requ\u00e9rants d\u2019asile fr\u00f4lent la saturation \u2013 des d\u00e9parts anticip\u00e9s pour les cantons s\u2019imposent"},"content":{"rendered":"<div class=\"contentHead\"><\/div>\n<div class=\"mod mod-nsbnewsdetails\">\n<p><strong>Les candidats \u00e0 l\u2019asile en Suisse sont toujours aussi nombreux. Les structures d\u2019h\u00e9bergement de la Conf\u00e9d\u00e9ration sont satur\u00e9es et n\u2019ont pratiquement plus de lits libres. Pour pouvoir continuer \u00e0 accueillir, h\u00e9berger et prendre en charge tous les requ\u00e9rants d\u2019asile, le Secr\u00e9tariat d\u2019\u00c9tat aux migrations (SEM) met r\u00e9guli\u00e8rement en service de nouvelles structures \u2012 mais cela ne suffit pas. Afin de garantir une place d\u2019h\u00e9bergement dans les centres f\u00e9d\u00e9raux pour requ\u00e9rants d\u2019asile (CFA) \u00e0 tous les int\u00e9ress\u00e9s, une partie d\u2019entre eux vont \u00eatre temporairement attribu\u00e9s aux cantons plus t\u00f4t qu\u2019auparavant.<\/strong><\/p>\n<p>Actuellement, ce sont pr\u00e8s de 800 personnes qui d\u00e9posent une demande d\u2019asile en Suisse chaque semaine. Dans les r\u00e9gions Suisse romande et Suisse du Nord-Ouest en particulier, cet afflux constant de nouveaux requ\u00e9rants d\u2019asile cause des probl\u00e8mes en termes de capacit\u00e9s d\u2019h\u00e9bergement et d\u2019encadrement. Les autres r\u00e9gions \u2013 Berne, Tessin et Suisse centrale, Zurich, Suisse orientale \u2013 fr\u00f4lent \u00e9galement la saturation. M\u00eame si des lits et des logements en plus ont \u00e9t\u00e9 mis \u00e0 disposition dans toutes les r\u00e9gions et que du personnel suppl\u00e9mentaire y a \u00e9t\u00e9 recrut\u00e9, la situation reste tr\u00e8s tendue. En \u00e9troite collaboration avec l\u2019arm\u00e9e suisse, une vingtaine de b\u00e2timents ont \u00e9t\u00e9 mis en service ou pr\u00e9par\u00e9s dans tout le pays. Ces derni\u00e8res semaines, des salles polyvalentes ont notamment \u00e9t\u00e9 ouvertes \u00e0 Bure, Thoune et Chamblon pour accueillir des r\u00e9fugi\u00e9s, et il est pr\u00e9vu d\u2019en mettre d\u2019autres en service \u00e0 Sch\u00f6nb\u00fchl et Emmen.<\/p>\n<p>En temps normal, les requ\u00e9rants d\u2019asile en proc\u00e9dure acc\u00e9l\u00e9r\u00e9e restent jusqu\u2019\u00e0 140\u00a0jours dans les CFA. Sur la base des \u00ab\u00a0valeurs de r\u00e9f\u00e9rence de la planification d\u2019urgence commune de la Conf\u00e9d\u00e9ration et des cantons en mati\u00e8re d\u2019asile\u00a0\u00bb et de la loi sur l\u2019asile, il vient d\u2019\u00eatre d\u00e9cid\u00e9, compte tenu de la situation critique qui r\u00e8gne en mati\u00e8re d\u2019h\u00e9bergement, que les personnes frapp\u00e9es d\u2019une d\u00e9cision de renvoi seraient transf\u00e9r\u00e9es vers les cantons avant m\u00eame que les 140\u00a0jours ne soient \u00e9coul\u00e9s. Cette mesure sera mise en \u0153uvre \u00e0 partir du jeudi 27\u00a0octobre 2022. Une semaine plus tard, les requ\u00e9rants dont la proc\u00e9dure d\u2019asile n\u2019est pas encore achev\u00e9e feront \u00e9galement l\u2019objet d\u2019un d\u00e9part anticip\u00e9 pour les cantons. Cette seconde mesure ne concernera pas les personnes en proc\u00e9dure Dublin, les requ\u00e9rants d\u2019asile afghans, les requ\u00e9rants d\u2019asile mineurs non accompagn\u00e9s et les requ\u00e9rants d\u2019asile originaires de pays \u00e0 tr\u00e8s faible taux de protection\u00a0; ces personnes feront l\u2019objet d\u2019une proc\u00e9dure acc\u00e9l\u00e9r\u00e9e dans les CFA.<\/p>\n<p>Les cantons doivent se pr\u00e9parer \u00e0 accueillir temporairement jusqu\u2019\u00e0 1000 requ\u00e9rants d\u2019asile par semaine, contre 500 actuellement. Ces personnes seront r\u00e9parties entre les cantons proportionnellement \u00e0 la population de ces derniers. Cette mesure permettra aux CFA de rester en mesure d\u2019accueillir et d\u2019h\u00e9berger les nouveaux requ\u00e9rants et de lancer imm\u00e9diatement les \u00e9tapes n\u00e9cessaires de la proc\u00e9dure.<\/p>\n<p>Le SEM remercie les cantons, les villes et les communes de leur aide \u00e0 l\u2019accomplissement de cette t\u00e2che conjointe majeure.<\/p>\n<\/div>\n","protected":false},"excerpt":{"rendered":"<p>Afin de garantir une place d\u2019h\u00e9bergement dans les centres f\u00e9d\u00e9raux pour requ\u00e9rants d\u2019asile (CFA) \u00e0 tous les int\u00e9ress\u00e9s, une partie d\u2019entre eux vont \u00eatre temporairement attribu\u00e9s aux cantons plus t\u00f4t qu\u2019auparavant<\/p>\n","protected":false},"author":4,"featured_media":547106,"comment_status":"open","ping_status":"open","sticky":false,"template":"","format":"standard","meta":{"footnotes":""},"categories":[18826,1170],"tags":[1671,1916],"vendi":[],"content_country":[31835,31838,31840],"class_list":["post-599163","post","type-post","status-publish","format-standard","has-post-thumbnail","hentry","category-lajme-jeta-ne-zvicer-fr","category-vivre-en-suisse","tag-zvicer-fr","tag-azil-fr","content_country-austria-fr","content_country-germany-fr","content_country-zvicer-fr"],"acf":[],"_links":{"self":[{"href":"https:\/\/www.albinfo.at\/fr\/wp-json\/wp\/v2\/posts\/599163","targetHints":{"allow":["GET"]}}],"collection":[{"href":"https:\/\/www.albinfo.at\/fr\/wp-json\/wp\/v2\/posts"}],"about":[{"href":"https:\/\/www.albinfo.at\/fr\/wp-json\/wp\/v2\/types\/post"}],"author":[{"embeddable":true,"href":"https:\/\/www.albinfo.at\/fr\/wp-json\/wp\/v2\/users\/4"}],"replies":[{"embeddable":true,"href":"https:\/\/www.albinfo.at\/fr\/wp-json\/wp\/v2\/comments?post=599163"}],"version-history":[{"count":0,"href":"https:\/\/www.albinfo.at\/fr\/wp-json\/wp\/v2\/posts\/599163\/revisions"}],"wp:featuredmedia":[{"embeddable":true,"href":"https:\/\/www.albinfo.at\/fr\/wp-json\/wp\/v2\/media\/547106"}],"wp:attachment":[{"href":"https:\/\/www.albinfo.at\/fr\/wp-json\/wp\/v2\/media?parent=599163"}],"wp:term":[{"taxonomy":"category","embeddable":true,"href":"https:\/\/www.albinfo.at\/fr\/wp-json\/wp\/v2\/categories?post=599163"},{"taxonomy":"post_tag","embeddable":true,"href":"https:\/\/www.albinfo.at\/fr\/wp-json\/wp\/v2\/tags?post=599163"},{"taxonomy":"vendi","embeddable":true,"href":"https:\/\/www.albinfo.at\/fr\/wp-json\/wp\/v2\/vendi?post=599163"},{"taxonomy":"content_country","embeddable":true,"href":"https:\/\/www.albinfo.at\/fr\/wp-json\/wp\/v2\/content_country?post=599163"}],"curies":[{"name":"wp","href":"https:\/\/api.w.org\/{rel}","templated":true}]}}