{"id":596917,"date":"2022-10-17T23:42:51","date_gmt":"2022-10-17T21:42:51","guid":{"rendered":"https:\/\/www.albinfo.ch\/?p=596917"},"modified":"2022-10-17T23:59:18","modified_gmt":"2022-10-17T21:59:18","slug":"le-salon-sial-a-paris-parmi-les-principaux-salons-mondiaux-de-lalimentation","status":"publish","type":"post","link":"https:\/\/www.albinfo.at\/fr\/le-salon-sial-a-paris-parmi-les-principaux-salons-mondiaux-de-lalimentation\/","title":{"rendered":"Le salon &#8220;SIAL&#8221; \u00e0 Paris, parmi les principaux salons mondiaux de l\u2019alimentation"},"content":{"rendered":"<p>La promotion des produits albanais au salon SIAL de Paris se poursuivra jusqu\u2019au 19 octobre 2022. Albinfo.ch avait pr\u00e9c\u00e9demment \u00e9voqu\u00e9 la pr\u00e9sentation des produits de 10 entreprises du Kosovo.<\/p>\n<p>Il convient de rappeler que le salon de l&#8217;alimentation SIAL est l&#8217;un des principaux salons mondiaux de l&#8217;industrie alimentaire.\u00a0Avec environ 310 000 visiteurs, ce salon est une plate-forme incontest\u00e9e de l&#8217;exposition des tendances et de l&#8217;innovation dans le secteur de la transformation alimentaire.<\/p>\n<p><img loading=\"lazy\" decoding=\"async\" class=\"\" src=\"https:\/\/scontent.fprn13-1.fna.fbcdn.net\/v\/t39.30808-6\/312058519_5630671653680533_1604812518995561570_n.jpg?_nc_cat=111&amp;ccb=1-7&amp;_nc_sid=730e14&amp;_nc_ohc=u5akhXx21GcAX9OJANt&amp;_nc_ht=scontent.fprn13-1.fna&amp;oh=00_AT-7hVQCpEFgFJ99qA2MtGjkqWoinNjwNEZLs3J2_c2Jug&amp;oe=63518024\" alt=\"Mund t\u00eb jet\u00eb nj\u00eb imazh i 7 persona, njer\u00ebz n\u00eb k\u00ebmb\u00eb dhe ambiente t\u00eb brendshme\" width=\"602\" height=\"451\" \/><\/p>\n<p>PPSE (Promoting Private Sector Employment) a soutenu la visite de certaines femmes membres de l&#8217;Association des transformateurs de fruits et l\u00e9gumes du Kosovo (PePeKo) \u00e0 ce salon et d&#8217;autres partenaires du projet PPSE, dans le but de voir les pr\u00e9sentations des entreprises mondiales \u00e0 ce salon, les derni\u00e8res tendances en mati\u00e8re de transformation alimentaire , ainsi que de permettre des rencontres avec des acheteurs potentiels.<\/p>\n<p><img loading=\"lazy\" decoding=\"async\" class=\"\" src=\"https:\/\/scontent.fprn13-1.fna.fbcdn.net\/v\/t39.30808-6\/311771154_5630671793680519_5718043528357106242_n.jpg?_nc_cat=111&amp;ccb=1-7&amp;_nc_sid=730e14&amp;_nc_ohc=3hU0hdaj0qIAX9c2JVf&amp;_nc_ht=scontent.fprn13-1.fna&amp;oh=00_AT_ZAeROXerE93TokdZ7WZL-8bbInmZLRAZDDeFqihplSA&amp;oe=635182E1\" alt=\"Mund t\u00eb jet\u00eb nj\u00eb imazh i 8 persona, njer\u00ebz n\u00eb k\u00ebmb\u00eb, kozmetik\u00eb dhe ambiente t\u00eb brendshme\" width=\"604\" height=\"453\" \/><\/p>\n<p>Le PPSE vise \u00e0 \u00e9largir le champ de croissance des entreprises f\u00e9minines dans le secteur de la transformation alimentaire. Pour ce faire, le Projet PPSE rend possible la participation directe des femmes \u00e0 diverses foires pour leur donner la possibilit\u00e9 de cr\u00e9er de nouvelles relations d&#8217;affaires.<\/p>\n<p><img loading=\"lazy\" decoding=\"async\" class=\"\" src=\"https:\/\/scontent.fprn13-1.fna.fbcdn.net\/v\/t39.30808-6\/311497162_5630674007013631_7043816501697374118_n.jpg?_nc_cat=106&amp;ccb=1-7&amp;_nc_sid=730e14&amp;_nc_ohc=6GLQvBikM5wAX-LhJfN&amp;_nc_ht=scontent.fprn13-1.fna&amp;oh=00_AT-Tl6huKPxkEImXJxIfk4a3xlOzy4-cTlN2TXQPXJLncw&amp;oe=6351EEE5\" alt=\"Mund t\u00eb jet\u00eb nj\u00eb imazh i 3 persona dhe ambiente t\u00eb brendshme\" width=\"603\" height=\"754\" \/><\/p>\n<p>PPSE est un projet de l&#8217;Agence suisse de d\u00e9veloppement (#SDC) et est mis en \u0153uvre par Swisscontact au Kosovo et l&#8217;Institut Riinvest.<\/p>\n<p>&nbsp;<\/p>\n<p>&nbsp;<\/p>\n<p>&nbsp;<\/p>\n","protected":false},"excerpt":{"rendered":"<p>Les produits albanais sont pr\u00e9sents au salon SIAL \u00e0 Paris.<\/p>\n","protected":false},"author":6,"featured_media":596696,"comment_status":"open","ping_status":"open","sticky":false,"template":"","format":"standard","meta":{"footnotes":""},"categories":[23271,24637,3949,19748,23270,24630,1159,1163],"tags":[],"vendi":[],"content_country":[31835,31838,31840],"class_list":["post-596917","post","type-post","status-publish","format-standard","has-post-thumbnail","hentry","category-kosovo","category-nouvelles-fr-4","category-kosova-fr","category-economie","category-at-balkani-fr","category-nouvelles","category-ch-balkans","category-fr-e-diaspora","content_country-austria-fr","content_country-germany-fr","content_country-zvicer-fr"],"acf":[],"_links":{"self":[{"href":"https:\/\/www.albinfo.at\/fr\/wp-json\/wp\/v2\/posts\/596917","targetHints":{"allow":["GET"]}}],"collection":[{"href":"https:\/\/www.albinfo.at\/fr\/wp-json\/wp\/v2\/posts"}],"about":[{"href":"https:\/\/www.albinfo.at\/fr\/wp-json\/wp\/v2\/types\/post"}],"author":[{"embeddable":true,"href":"https:\/\/www.albinfo.at\/fr\/wp-json\/wp\/v2\/users\/6"}],"replies":[{"embeddable":true,"href":"https:\/\/www.albinfo.at\/fr\/wp-json\/wp\/v2\/comments?post=596917"}],"version-history":[{"count":0,"href":"https:\/\/www.albinfo.at\/fr\/wp-json\/wp\/v2\/posts\/596917\/revisions"}],"wp:featuredmedia":[{"embeddable":true,"href":"https:\/\/www.albinfo.at\/fr\/wp-json\/wp\/v2\/media\/596696"}],"wp:attachment":[{"href":"https:\/\/www.albinfo.at\/fr\/wp-json\/wp\/v2\/media?parent=596917"}],"wp:term":[{"taxonomy":"category","embeddable":true,"href":"https:\/\/www.albinfo.at\/fr\/wp-json\/wp\/v2\/categories?post=596917"},{"taxonomy":"post_tag","embeddable":true,"href":"https:\/\/www.albinfo.at\/fr\/wp-json\/wp\/v2\/tags?post=596917"},{"taxonomy":"vendi","embeddable":true,"href":"https:\/\/www.albinfo.at\/fr\/wp-json\/wp\/v2\/vendi?post=596917"},{"taxonomy":"content_country","embeddable":true,"href":"https:\/\/www.albinfo.at\/fr\/wp-json\/wp\/v2\/content_country?post=596917"}],"curies":[{"name":"wp","href":"https:\/\/api.w.org\/{rel}","templated":true}]}}