{"id":568602,"date":"2022-06-13T13:50:28","date_gmt":"2022-06-13T11:50:28","guid":{"rendered":"https:\/\/www.albinfo.ch\/?p=568602"},"modified":"2022-06-13T13:41:24","modified_gmt":"2022-06-13T11:41:24","slug":"election-de-la-suisse-au-conseil-de-securite-de-lonu","status":"publish","type":"post","link":"https:\/\/www.albinfo.at\/fr\/election-de-la-suisse-au-conseil-de-securite-de-lonu\/","title":{"rendered":"\u00c9lection de la Suisse au Conseil de s\u00e9curit\u00e9 de l\u2019ONU"},"content":{"rendered":"<div class=\"contentHead\"><\/div>\n<div class=\"mod mod-nsbnewsdetails\">\n<p><strong>Le 9 juin 2022, l\u2019Assembl\u00e9e g\u00e9n\u00e9rale de l\u2019ONU a \u00e9lu la Suisse membre non permanent du Conseil de s\u00e9curit\u00e9 de l\u2019ONU pour une p\u00e9riode de deux ans \u00e0 partir du 1er janvier 2023. Durant son mandat, la Suisse pourra faire valoir ses atouts en faveur de la paix et de la s\u00e9curit\u00e9, se positionner en tant que pays neutre pour construire des ponts et renforcer la d\u00e9fense de ses int\u00e9r\u00eats gr\u00e2ce \u00e0 un acc\u00e8s direct aux principaux acteurs de l\u2019actualit\u00e9 internationale. Le si\u00e8ge qu\u2019elle occupera au sein du Conseil de s\u00e9curit\u00e9 lui permettra de r\u00e9affirmer ses propres positions et d\u2019influer sur les d\u00e9veloppements internationaux gr\u00e2ce \u00e0 sa cr\u00e9dibilit\u00e9.<\/strong><\/p>\n<p>L\u2019Assembl\u00e9e g\u00e9n\u00e9rale de l\u2019ONU \u00e0 New York a \u00e9lu ce jour la Suisse au Conseil de s\u00e9curit\u00e9 \u00e0 New York par 187 voix sur 190. Il s\u2019agit du meilleur r\u00e9sultat obtenu par un pays du Groupe des \u00c9tats d\u2019Europe occidentale et autres \u00c9tats depuis que la Suisse a adh\u00e9r\u00e9 \u00e0 l\u2019ONU en 2002. Il t\u00e9moigne explicitement du soutien et de la confiance dont jouit la Suisse au sein de la communaut\u00e9 internationale. \u00abNous nous r\u00e9jouissons de cette \u00e9lection. Nous abordons cette t\u00e2che avec respect, pr\u00eats \u00e0 nous engager de mani\u00e8re constructive au sein du Conseil de s\u00e9curit\u00e9 et \u00e0 assumer des responsabilit\u00e9s\u00bb, a d\u00e9clar\u00e9 le pr\u00e9sident de la Conf\u00e9d\u00e9ration Ignazio Cassis apr\u00e8s avoir assist\u00e9 \u00e0 l\u2019\u00e9lection sur place.<\/p>\n<p><b>Objectifs communs pour le Conseil de s\u00e9curit\u00e9 de l\u2019ONU et la Suisse<br \/>\n<\/b><br \/>\nLe mandat du Conseil de s\u00e9curit\u00e9, qui consiste \u00e0 \u0153uvrer en faveur de la paix et de la s\u00e9curit\u00e9 internationales, s\u2019inscrit dans la m\u00eame ligne que la mission premi\u00e8re de la politique ext\u00e9rieure de la Suisse. Conform\u00e9ment \u00e0 la Constitution f\u00e9d\u00e9rale, la Suisse contribue \u00e0 la coexistence pacifique des peuples et \u00e0 la pr\u00e9servation des ressources naturelles. Une mission dont elle pourra s\u2019acquitter encore mieux en si\u00e9geant pour la premi\u00e8re fois au Conseil de s\u00e9curit\u00e9. Cette \u00e9lection lui permet aussi de r\u00e9aliser un objectif prioritaire de la strat\u00e9gie de politique ext\u00e9rieure 2020-2023 dans le domaine de la paix et de la s\u00e9curit\u00e9. \u00abNous souhaitons mettre \u00e0 profit l\u2019expertise suisse en faveur de la paix dans le monde, d\u00e9fendre nos valeurs et contribuer, en notre qualit\u00e9 de pays neutre, \u00e0 la recherche de compromis et de solutions politiques\u00bb, explique le pr\u00e9sident de la Conf\u00e9d\u00e9ration \u00e0 propos du r\u00f4le que la Suisse entend jouer au sein du Conseil de s\u00e9curit\u00e9.<\/p>\n<p>L\u2019action de la Suisse au sein du Conseil de s\u00e9curit\u00e9 devrait s\u2019articuler autour des quatre priorit\u00e9s suivantes: construire une paix durable, prot\u00e9ger la population civile, agir pour la s\u00e9curit\u00e9 climatique et renforcer l\u2019efficience du Conseil de s\u00e9curit\u00e9. Ces priorit\u00e9s seront soumises aux commissions de politique ext\u00e9rieure du Conseil national et du Conseil des \u00c9tats (CPE) dans le courant de l\u2019\u00e9t\u00e9, avant d\u2019\u00eatre adopt\u00e9es d\u00e9finitivement par le Conseil f\u00e9d\u00e9ral.<\/p>\n<p><b>\u00c9lection et attribution d\u2019un si\u00e8ge au Conseil de s\u00e9curit\u00e9: plus de dix ans de pr\u00e9paration<br \/>\n<\/b><br \/>\nIl y a 20 ans, le peuple suisse se pronon\u00e7ait en faveur d\u2019une adh\u00e9sion \u00e0 l\u2019ONU. En 2011, apr\u00e8s avoir men\u00e9 des consultations approfondies avec le Parlement, le Conseil f\u00e9d\u00e9ral a d\u00e9pos\u00e9 la candidature de la Suisse \u00e0 un si\u00e8ge au Conseil de s\u00e9curit\u00e9. En 2015, un rapport du Conseil f\u00e9d\u00e9ral a confirm\u00e9 la compatibilit\u00e9 de ce mandat avec la neutralit\u00e9 suisse. La Suisse a fait conna\u00eetre sa candidature et son profil sous le slogan \u00abUn plus pour la paix\u00bb et engag\u00e9 les travaux pr\u00e9paratoires requis. Ces derniers mois, le Conseil f\u00e9d\u00e9ral a notamment d\u00e9fini les processus de coordination et de d\u00e9cision applicables au sein de l\u2019administration et fix\u00e9, en concertation avec les CPE, les modalit\u00e9s r\u00e9gissant l\u2019implication du Parlement.<\/p>\n<p><b>Membres permanents et non permanents du Conseil de s\u00e9curit\u00e9<br \/>\n<\/b><br \/>\nCr\u00e9\u00e9 en 1946, le Conseil de s\u00e9curit\u00e9 est l\u2019un des principaux organes de l\u2019ONU. Il est compos\u00e9 de cinq membres permanents (France, Russie, \u00c9tats-Unis, Chine et Royaume-Uni \u2013 dits P5) et de dix membres non permanents (dits E10) \u00e9lus par l\u2019Assembl\u00e9e g\u00e9n\u00e9rale de l\u2019ONU pour une dur\u00e9e de deux ans. La Suisse a \u00e9t\u00e9 \u00e9lue aujourd\u2019hui aux c\u00f4t\u00e9s de Malte, du Japon, de l\u2019\u00c9quateur et du Mozambique pour si\u00e9ger au Conseil de s\u00e9curit\u00e9 durant les ann\u00e9es 2023 et 2024. Les cinq pays \u00e9lus l\u2019ann\u00e9e derni\u00e8re, \u00e0 savoir l\u2019Albanie, le Br\u00e9sil, les \u00c9mirats arabes unis, le Ghana et le Gabon, seront \u00e9galement repr\u00e9sent\u00e9s en 2023. Bien que les membres permanents disposent d\u2019un droit de veto, ils n\u2019en d\u00e9pendent pas moins des membres non permanents, puisque les projets de r\u00e9solution doivent recueillir au moins neuf voix pour \u00eatre adopt\u00e9s par le Conseil de s\u00e9curit\u00e9. De plus, les membres non permanents donnent r\u00e9guli\u00e8rement des impulsions th\u00e9matiques importantes aux travaux men\u00e9s par le Conseil.<\/p>\n<\/div>\n","protected":false},"excerpt":{"rendered":"<p>Il s\u2019agit du meilleur r\u00e9sultat obtenu par un pays du Groupe des \u00c9tats d\u2019Europe occidentale et autres \u00c9tats depuis que la Suisse a adh\u00e9r\u00e9 \u00e0 l\u2019ONU en 2002<\/p>\n","protected":false},"author":4,"featured_media":568603,"comment_status":"open","ping_status":"open","sticky":false,"template":"","format":"standard","meta":{"footnotes":""},"categories":[18826,1170],"tags":[4418],"vendi":[],"content_country":[31835,31838,31840],"class_list":["post-568602","post","type-post","status-publish","format-standard","has-post-thumbnail","hentry","category-lajme-jeta-ne-zvicer-fr","category-vivre-en-suisse","tag-zvicra-fr","content_country-austria-fr","content_country-germany-fr","content_country-zvicer-fr"],"acf":[],"_links":{"self":[{"href":"https:\/\/www.albinfo.at\/fr\/wp-json\/wp\/v2\/posts\/568602","targetHints":{"allow":["GET"]}}],"collection":[{"href":"https:\/\/www.albinfo.at\/fr\/wp-json\/wp\/v2\/posts"}],"about":[{"href":"https:\/\/www.albinfo.at\/fr\/wp-json\/wp\/v2\/types\/post"}],"author":[{"embeddable":true,"href":"https:\/\/www.albinfo.at\/fr\/wp-json\/wp\/v2\/users\/4"}],"replies":[{"embeddable":true,"href":"https:\/\/www.albinfo.at\/fr\/wp-json\/wp\/v2\/comments?post=568602"}],"version-history":[{"count":0,"href":"https:\/\/www.albinfo.at\/fr\/wp-json\/wp\/v2\/posts\/568602\/revisions"}],"wp:featuredmedia":[{"embeddable":true,"href":"https:\/\/www.albinfo.at\/fr\/wp-json\/wp\/v2\/media\/568603"}],"wp:attachment":[{"href":"https:\/\/www.albinfo.at\/fr\/wp-json\/wp\/v2\/media?parent=568602"}],"wp:term":[{"taxonomy":"category","embeddable":true,"href":"https:\/\/www.albinfo.at\/fr\/wp-json\/wp\/v2\/categories?post=568602"},{"taxonomy":"post_tag","embeddable":true,"href":"https:\/\/www.albinfo.at\/fr\/wp-json\/wp\/v2\/tags?post=568602"},{"taxonomy":"vendi","embeddable":true,"href":"https:\/\/www.albinfo.at\/fr\/wp-json\/wp\/v2\/vendi?post=568602"},{"taxonomy":"content_country","embeddable":true,"href":"https:\/\/www.albinfo.at\/fr\/wp-json\/wp\/v2\/content_country?post=568602"}],"curies":[{"name":"wp","href":"https:\/\/api.w.org\/{rel}","templated":true}]}}