{"id":560875,"date":"2022-05-10T13:35:42","date_gmt":"2022-05-10T11:35:42","guid":{"rendered":"https:\/\/www.albinfo.ch\/?p=560875"},"modified":"2022-05-10T13:37:24","modified_gmt":"2022-05-10T11:37:24","slug":"la-quasi-moitie-des-nouveaux-diplomes-etaient-en-teletravail-en-2020","status":"publish","type":"post","link":"https:\/\/www.albinfo.at\/fr\/la-quasi-moitie-des-nouveaux-diplomes-etaient-en-teletravail-en-2020\/","title":{"rendered":"La quasi moiti\u00e9 des nouveaux dipl\u00f4m\u00e9s \u00e9taient en t\u00e9l\u00e9travail en 2020"},"content":{"rendered":"<p><strong>La majorit\u00e9 des personnes dipl\u00f4m\u00e9es en 2016 de la formation professionnelle sup\u00e9rieure qui \u00e9taient actives sur le march\u00e9 du travail en 2020 ont vu leur situation professionnelle impact\u00e9e, du moins temporairement, par les mesures mises en place par le Conseil f\u00e9d\u00e9ral pour lutter contre la pand\u00e9mie. 45% des dipl\u00f4m\u00e9s employ\u00e9s ont fait du t\u00e9l\u00e9travail, 17% ont \u00e9t\u00e9 au ch\u00f4mage partiel et un tiers des ind\u00e9pendants ont vu leur revenu et le nombre de leurs mandats diminuer. Tels sont les principaux r\u00e9sultats d\u2019une nouvelle publication de l\u2019Office f\u00e9d\u00e9ral de la statistique (OFS).<\/strong><\/p>\n<p>Vous trouverez ce communiqu\u00e9 de presse et d&#8217;autres informations sur ce th\u00e8me sur le site web de l&#8217;OFS (cf. lien ci-dessous).<\/p>\n<p><a href=\"https:\/\/www.admin.ch\/gov\/fr\/accueil\/documentation\/communiques.msg-id-88298.html\">admin.ch<\/a><\/p>\n","protected":false},"excerpt":{"rendered":"<p>La majorit\u00e9 des personnes dipl\u00f4m\u00e9es en 2016 de la formation professionnelle sup\u00e9rieure qui \u00e9taient actives sur le march\u00e9 du travail en 2020 ont vu leur situation professionnelle impact\u00e9e, du moins temporairement, par les mesures mises en place par le Conseil f\u00e9d\u00e9ral pour lutter contre la pand\u00e9mie. 45% des dipl\u00f4m\u00e9s employ\u00e9s ont fait du t\u00e9l\u00e9travail, 17% [&hellip;]<\/p>\n","protected":false},"author":6,"featured_media":450230,"comment_status":"open","ping_status":"open","sticky":false,"template":"","format":"standard","meta":{"footnotes":""},"categories":[1171,8183,19748,1170],"tags":[],"vendi":[],"content_country":[],"class_list":["post-560875","post","type-post","status-publish","format-standard","has-post-thumbnail","hentry","category-thematique","category-finances-fr","category-economie","category-vivre-en-suisse"],"acf":[],"_links":{"self":[{"href":"https:\/\/www.albinfo.at\/fr\/wp-json\/wp\/v2\/posts\/560875","targetHints":{"allow":["GET"]}}],"collection":[{"href":"https:\/\/www.albinfo.at\/fr\/wp-json\/wp\/v2\/posts"}],"about":[{"href":"https:\/\/www.albinfo.at\/fr\/wp-json\/wp\/v2\/types\/post"}],"author":[{"embeddable":true,"href":"https:\/\/www.albinfo.at\/fr\/wp-json\/wp\/v2\/users\/6"}],"replies":[{"embeddable":true,"href":"https:\/\/www.albinfo.at\/fr\/wp-json\/wp\/v2\/comments?post=560875"}],"version-history":[{"count":0,"href":"https:\/\/www.albinfo.at\/fr\/wp-json\/wp\/v2\/posts\/560875\/revisions"}],"wp:featuredmedia":[{"embeddable":true,"href":"https:\/\/www.albinfo.at\/fr\/wp-json\/wp\/v2\/media\/450230"}],"wp:attachment":[{"href":"https:\/\/www.albinfo.at\/fr\/wp-json\/wp\/v2\/media?parent=560875"}],"wp:term":[{"taxonomy":"category","embeddable":true,"href":"https:\/\/www.albinfo.at\/fr\/wp-json\/wp\/v2\/categories?post=560875"},{"taxonomy":"post_tag","embeddable":true,"href":"https:\/\/www.albinfo.at\/fr\/wp-json\/wp\/v2\/tags?post=560875"},{"taxonomy":"vendi","embeddable":true,"href":"https:\/\/www.albinfo.at\/fr\/wp-json\/wp\/v2\/vendi?post=560875"},{"taxonomy":"content_country","embeddable":true,"href":"https:\/\/www.albinfo.at\/fr\/wp-json\/wp\/v2\/content_country?post=560875"}],"curies":[{"name":"wp","href":"https:\/\/api.w.org\/{rel}","templated":true}]}}