{"id":560870,"date":"2022-05-10T11:08:43","date_gmt":"2022-05-10T09:08:43","guid":{"rendered":"https:\/\/www.albinfo.ch\/?p=560870"},"modified":"2022-05-10T11:11:00","modified_gmt":"2022-05-10T09:11:00","slug":"neue-schweizer-sondermunze-in-gold-100-jahre-letzte-pragung-10-franken-vreneli","status":"publish","type":"post","link":"https:\/\/www.albinfo.at\/fr\/neue-schweizer-sondermunze-in-gold-100-jahre-letzte-pragung-10-franken-vreneli\/","title":{"rendered":"Nouvelle pi\u00e8ce sp\u00e9ciale en or \u00ab100 ans derni\u00e8re frappe du Vreneli de 10 francs\u00bb"},"content":{"rendered":"<p><strong>En \u00e9mettant, le 11 mai 2022, la pi\u00e8ce en or \u00ab100 ans derni\u00e8re frappe du Vreneli de 10 francs\u00bb, Swissmint comm\u00e9more le centenaire de la derni\u00e8re frappe, en 1922, du Vreneli en or d\u2019une valeur nominale de 10 francs.<\/strong><\/p>\n<p><strong>\u00ab100\u00a0ans derni\u00e8re frappe du Vreneli de 10\u00a0francs\u00bb: pi\u00e8ce en or d&#8217;une valeur de 50\u00a0francs<\/strong><\/p>\n<p>Le Vreneli en or d\u2019une valeur de 10\u00a0francs, qui porte \u00e0 l&#8217;avers un buste f\u00e9minin regardant vers la gauche, coiff\u00e9 d&#8217;une tresse et les \u00e9paules entour\u00e9es d&#8217;une couronne d&#8217;edelweiss, a \u00e9t\u00e9 frapp\u00e9 pour la derni\u00e8re fois en 1922. Produite par la Monnaie f\u00e9d\u00e9rale \u00e0 Berne entre 1911 et 1922, cette pi\u00e8ce est la petite s\u0153ur du l\u00e9gendaire Vreneli de 20\u00a0francs en or. En raison de la faible \u00e9paisseur des flans utilis\u00e9s et de la nature du relief ornant l&#8217;avers, le revers du Vreneli de 10\u00a0francs a d\u00fb \u00eatre redessin\u00e9. Dans son champ sup\u00e9rieur appara\u00eet une croix suisse entour\u00e9e d&#8217;une couronne rayonnante, alors que la valeur nominale et le mill\u00e9sime figurent au centre de la pi\u00e8ce. La partie inf\u00e9rieure est orn\u00e9e de rameaux fleuris de rhododendrons et de gentianes. La marque d&#8217;atelier de Berne, un \u00abB\u00bb, se trouve \u00e0 l&#8217;extr\u00e9mit\u00e9 inf\u00e9rieure. La monnaie en or au titre de 900\u00a0milli\u00e8mes p\u00e8se 3,226\u00a0grammes. Son diam\u00e8tre est de 19\u00a0millim\u00e8tres. Au total, 2,65\u00a0millions de pi\u00e8ces ont \u00e9t\u00e9 frapp\u00e9es entre 1911 et 1922.<\/p>\n<p>En \u00e9mettant la pi\u00e8ce en or d&#8217;une valeur de 50\u00a0francs \u00ab100\u00a0ans derni\u00e8re frappe du Vreneli de 10\u00a0francs\u00bb, Swissmint comm\u00e9more le centenaire de la derni\u00e8re frappe du Vreneli en or d\u2019une valeur de 10\u00a0francs en\u00a01922. En r\u00e9f\u00e9rence \u00e0 la derni\u00e8re frappe r\u00e9alis\u00e9e, l&#8217;avers porte le chiffre\u00a0100, les deux z\u00e9ros se chevauchant. Une partie du buste f\u00e9minin tourn\u00e9 vers la gauche du vreneli original appara\u00eet, en agrandi, \u00e0 l&#8217;int\u00e9rieur du second z\u00e9ro. Sur le bord inf\u00e9rieur de la pi\u00e8ce, les ann\u00e9es 1911 et 1922, s\u00e9par\u00e9es par un trait vertical, repr\u00e9sentent la p\u00e9riode pendant laquelle les Vreneli en or de 10\u00a0francs ont \u00e9t\u00e9 \u00e9mis. Le revers de la frappe originale a \u00e9t\u00e9 repris avec deux petites modifications. La valeur nominale est d\u00e9sormais de 50\u00a0francs et le mill\u00e9sime\u00a02022.<\/p>\n<p>La nouvelle monnaie sp\u00e9ciale sera disponible le 11 mai 2022, en tirage limit\u00e9, sur notre site www.swissmintshop.ch ainsi qu&#8217;aupr\u00e8s de certains n\u00e9gociants en monnaies et banques.<\/p>\n<p><a href=\"https:\/\/www.admin.ch\/gov\/fr\/accueil\/documentation\/communiques.msg-id-88663.html\">admin.ch<\/a><\/p>\n<p>&nbsp;<\/p>\n","protected":false},"excerpt":{"rendered":"<p>En \u00e9mettant, le 11 mai 2022, la pi\u00e8ce en or \u00ab100 ans derni\u00e8re frappe du Vreneli de 10 francs\u00bb, Swissmint comm\u00e9more le centenaire de la derni\u00e8re frappe, en 1922, du Vreneli en or d\u2019une valeur nominale de 10 francs. \u00ab100\u00a0ans derni\u00e8re frappe du Vreneli de 10\u00a0francs\u00bb: pi\u00e8ce en or d&#8217;une valeur de 50\u00a0francs Le Vreneli [&hellip;]<\/p>\n","protected":false},"author":6,"featured_media":560866,"comment_status":"open","ping_status":"open","sticky":false,"template":"","format":"standard","meta":{"footnotes":""},"categories":[1187,8183,19748,1170],"tags":[],"vendi":[],"content_country":[],"class_list":["post-560870","post","type-post","status-publish","format-standard","has-post-thumbnail","hentry","category-breves","category-finances-fr","category-economie","category-vivre-en-suisse"],"acf":[],"_links":{"self":[{"href":"https:\/\/www.albinfo.at\/fr\/wp-json\/wp\/v2\/posts\/560870","targetHints":{"allow":["GET"]}}],"collection":[{"href":"https:\/\/www.albinfo.at\/fr\/wp-json\/wp\/v2\/posts"}],"about":[{"href":"https:\/\/www.albinfo.at\/fr\/wp-json\/wp\/v2\/types\/post"}],"author":[{"embeddable":true,"href":"https:\/\/www.albinfo.at\/fr\/wp-json\/wp\/v2\/users\/6"}],"replies":[{"embeddable":true,"href":"https:\/\/www.albinfo.at\/fr\/wp-json\/wp\/v2\/comments?post=560870"}],"version-history":[{"count":0,"href":"https:\/\/www.albinfo.at\/fr\/wp-json\/wp\/v2\/posts\/560870\/revisions"}],"wp:featuredmedia":[{"embeddable":true,"href":"https:\/\/www.albinfo.at\/fr\/wp-json\/wp\/v2\/media\/560866"}],"wp:attachment":[{"href":"https:\/\/www.albinfo.at\/fr\/wp-json\/wp\/v2\/media?parent=560870"}],"wp:term":[{"taxonomy":"category","embeddable":true,"href":"https:\/\/www.albinfo.at\/fr\/wp-json\/wp\/v2\/categories?post=560870"},{"taxonomy":"post_tag","embeddable":true,"href":"https:\/\/www.albinfo.at\/fr\/wp-json\/wp\/v2\/tags?post=560870"},{"taxonomy":"vendi","embeddable":true,"href":"https:\/\/www.albinfo.at\/fr\/wp-json\/wp\/v2\/vendi?post=560870"},{"taxonomy":"content_country","embeddable":true,"href":"https:\/\/www.albinfo.at\/fr\/wp-json\/wp\/v2\/content_country?post=560870"}],"curies":[{"name":"wp","href":"https:\/\/api.w.org\/{rel}","templated":true}]}}