{"id":557195,"date":"2022-04-26T23:54:27","date_gmt":"2022-04-26T21:54:27","guid":{"rendered":"https:\/\/www.albinfo.ch\/?p=557195"},"modified":"2022-04-27T00:04:54","modified_gmt":"2022-04-26T22:04:54","slug":"cfr-rapport-sur-les-incidents-racistes-recenses-par-les-centres-de-conseil-en-2021","status":"publish","type":"post","link":"https:\/\/www.albinfo.at\/fr\/cfr-rapport-sur-les-incidents-racistes-recenses-par-les-centres-de-conseil-en-2021\/","title":{"rendered":"CFR &#8211; Rapport sur les incidents racistes recens\u00e9s par les centres de conseil en 2021"},"content":{"rendered":"<div class=\"contentHead\">\n<p><strong style=\"font-size: 16px;\">En 2021, les membres du R\u00e9seau de centres de conseil pour les victimes du racisme ont recens\u00e9 630 cas de discrimination raciale. La majeure partie de ces incidents sont survenus sur le lieu de travail et dans le secteur de la formation, le plus souvent sous forme d\u2019insultes et d\u2019in\u00e9galit\u00e9s de traitement. La x\u00e9nophobie et le racisme anti-Noirs restent les motifs de discrimination les plus fr\u00e9quemment cit\u00e9s, suivis par le racisme anti-Musulmans. Le rapport 2021 fait aussi \u00e9tat d\u2019un nombre particuli\u00e8rement important de cas d\u2019hostilit\u00e9 \u00e0 l\u2019\u00e9gard des Asiatiques.<\/strong><\/p>\n<\/div>\n<div class=\"mod mod-nsbnewsdetails\">\n<p>Les cas de discrimination recens\u00e9s en\u00a02021 sont survenus le plus souvent sur le lieu de travail (106\u00a0cas) et dans le secteur de la formation (94\u00a0cas). Ce dernier affiche une augmentation significative par rapport \u00e0\u00a02020, avec principalement des cas de racisme anti-Noirs. Un p\u00e8re s\u2019est par exemple adress\u00e9 \u00e0 un centre de conseil parce que son fils subissait des agressions verbales r\u00e9p\u00e9t\u00e9es et graves de la part de ses camarades de classe concernant sa couleur de peau. Le jeune s\u2019\u00e9tant d\u00e9fendu verbalement, l\u2019\u00e9cole a pris des mesures disciplinaires \u00e0 son encontre. Elle n\u2019a en revanche pas sanctionn\u00e9 ses camarades. Le centre de conseil a organis\u00e9 une m\u00e9diation pour aborder la question du racisme \u00e0 l\u2019\u00e9cole avec le personnel scolaire concern\u00e9. L\u2019\u00e9cole a alors d\u00e9cid\u00e9 d\u2019aborder le th\u00e8me avec le personnel enseignant, l\u2019ensemble des classes et les parents. Elle a annul\u00e9 les mesures disciplinaires \u00e0 l\u2019encontre du jeune et mis un travailleur social scolaire \u00e0 sa disposition pour le soutenir au quotidien.<\/p>\n<p>Pour ce qui est des motifs de discrimination, la x\u00e9nophobie et le racisme anti-Noirs arrivent en t\u00eate, avec respectivement 218\u00a0et\u00a0207\u00a0cas. Les cas de racisme anti-Noirs sont particuli\u00e8rement fr\u00e9quents dans le secteur de la formation (40\u00a0cas), sur le lieu de travail (37\u00a0cas) et dans l\u2019espace public et le voisinage (26\u00a0cas chacun). Les cas de racisme anti-Musulmans sont aussi fr\u00e9quents (53\u00a0cas), tout comme ceux de la cat\u00e9gorie parente du racisme anti-Arabes (51\u00a0cas). La nouvelle cat\u00e9gorie de l\u2019hostilit\u00e9 \u00e0 l\u2019\u00e9gard des Asiatiques compte 41\u00a0cas, dont majoritairement des insultes et d\u2019autres propos ou illustrations d\u00e9nigrants. Les cas d\u2019antis\u00e9mitisme ont l\u00e9g\u00e8rement augment\u00e9 par rapport \u00e0 l\u2019ann\u00e9e pr\u00e9c\u00e9dente. Ces incidents concernent la banalisation ou la n\u00e9gation de l\u2019Holocauste ainsi que les th\u00e9ories du complot antis\u00e9mites ou racistes, dont la circulation a augment\u00e9 durant la pand\u00e9mie. Dans un cas sur trois, les centres de conseil ont constat\u00e9 une discrimination multiple combinant discrimination raciale et discrimination en raison du statut de s\u00e9jour, du sexe ou du statut social.<\/p>\n<p>Les victimes sont chaque ann\u00e9e plus enclines \u00e0 s\u2019adresser aux centres de conseil. Ainsi, le R\u00e9seau de centres de conseil a enregistr\u00e9 en\u00a02021 une augmentation d\u2019environ 180\u00a0cas par rapport \u00e0 il y a deux ans. Cette hausse met en \u00e9vidence le r\u00f4le central des centres de conseil dans le soutien et l\u2019accompagnement des victimes, de leurs proches, des professionnels et des t\u00e9moins.<\/p>\n<\/div>\n","protected":false},"excerpt":{"rendered":"<p>La x\u00e9nophobie et le racisme anti-Noirs restent les motifs de discrimination les plus fr\u00e9quemment cit\u00e9s, suivis par le racisme anti-Musulmans<\/p>\n","protected":false},"author":4,"featured_media":259477,"comment_status":"open","ping_status":"open","sticky":false,"template":"","format":"standard","meta":{"footnotes":""},"categories":[1187,18826,24630,1170],"tags":[1671],"vendi":[],"content_country":[31835,31838,31840],"class_list":["post-557195","post","type-post","status-publish","format-standard","has-post-thumbnail","hentry","category-breves","category-lajme-jeta-ne-zvicer-fr","category-nouvelles","category-vivre-en-suisse","tag-zvicer-fr","content_country-austria-fr","content_country-germany-fr","content_country-zvicer-fr"],"acf":[],"_links":{"self":[{"href":"https:\/\/www.albinfo.at\/fr\/wp-json\/wp\/v2\/posts\/557195","targetHints":{"allow":["GET"]}}],"collection":[{"href":"https:\/\/www.albinfo.at\/fr\/wp-json\/wp\/v2\/posts"}],"about":[{"href":"https:\/\/www.albinfo.at\/fr\/wp-json\/wp\/v2\/types\/post"}],"author":[{"embeddable":true,"href":"https:\/\/www.albinfo.at\/fr\/wp-json\/wp\/v2\/users\/4"}],"replies":[{"embeddable":true,"href":"https:\/\/www.albinfo.at\/fr\/wp-json\/wp\/v2\/comments?post=557195"}],"version-history":[{"count":0,"href":"https:\/\/www.albinfo.at\/fr\/wp-json\/wp\/v2\/posts\/557195\/revisions"}],"wp:featuredmedia":[{"embeddable":true,"href":"https:\/\/www.albinfo.at\/fr\/wp-json\/wp\/v2\/media\/259477"}],"wp:attachment":[{"href":"https:\/\/www.albinfo.at\/fr\/wp-json\/wp\/v2\/media?parent=557195"}],"wp:term":[{"taxonomy":"category","embeddable":true,"href":"https:\/\/www.albinfo.at\/fr\/wp-json\/wp\/v2\/categories?post=557195"},{"taxonomy":"post_tag","embeddable":true,"href":"https:\/\/www.albinfo.at\/fr\/wp-json\/wp\/v2\/tags?post=557195"},{"taxonomy":"vendi","embeddable":true,"href":"https:\/\/www.albinfo.at\/fr\/wp-json\/wp\/v2\/vendi?post=557195"},{"taxonomy":"content_country","embeddable":true,"href":"https:\/\/www.albinfo.at\/fr\/wp-json\/wp\/v2\/content_country?post=557195"}],"curies":[{"name":"wp","href":"https:\/\/api.w.org\/{rel}","templated":true}]}}