{"id":556413,"date":"2022-04-24T00:35:17","date_gmt":"2022-04-23T22:35:17","guid":{"rendered":"https:\/\/www.albinfo.ch\/?p=556413"},"modified":"2022-04-24T00:35:17","modified_gmt":"2022-04-23T22:35:17","slug":"la-conseillere-federale-simonetta-sommaruga-testee-positive-au-coronavirus","status":"publish","type":"post","link":"https:\/\/www.albinfo.at\/fr\/la-conseillere-federale-simonetta-sommaruga-testee-positive-au-coronavirus\/","title":{"rendered":"La conseill\u00e8re f\u00e9d\u00e9rale Simonetta Sommaruga test\u00e9e positive au coronavirus"},"content":{"rendered":"<div class=\"contentHead\"><\/div>\n<div class=\"mod mod-nsbnewsdetails\">\n<p>La conseill\u00e8re f\u00e9d\u00e9rale Simonetta Sommaruga a \u00e9t\u00e9 test\u00e9e positive au coronavirus durant cette semaine sans s\u00e9ance du Conseil f\u00e9d\u00e9ral. La cheffe du D\u00e9partement f\u00e9d\u00e9ral de l\u2019environnement, des transports, de l\u2019\u00e9nergie et de la communication pr\u00e9sente des sympt\u00f4mes l\u00e9gers et travaille actuellement \u00e0 son domicile.<\/p>\n<\/div>\n","protected":false},"excerpt":{"rendered":"<p>La conseill\u00e8re f\u00e9d\u00e9rale Simonetta Sommaruga a \u00e9t\u00e9 test\u00e9e positive au coronavirus durant cette semaine sans s\u00e9ance du Conseil f\u00e9d\u00e9ral. La cheffe du D\u00e9partement f\u00e9d\u00e9ral de l\u2019environnement, des transports, de l\u2019\u00e9nergie et de la communication pr\u00e9sente des sympt\u00f4mes l\u00e9gers et travaille actuellement \u00e0 son domicile.<\/p>\n","protected":false},"author":4,"featured_media":364594,"comment_status":"open","ping_status":"open","sticky":false,"template":"","format":"standard","meta":{"footnotes":""},"categories":[18826,22521,24630,1170],"tags":[],"vendi":[],"content_country":[31835,31838,31840],"class_list":["post-556413","post","type-post","status-publish","format-standard","has-post-thumbnail","hentry","category-lajme-jeta-ne-zvicer-fr","category-coronavirus-minutes-par-minutes","category-nouvelles","category-vivre-en-suisse","content_country-austria-fr","content_country-germany-fr","content_country-zvicer-fr"],"acf":[],"_links":{"self":[{"href":"https:\/\/www.albinfo.at\/fr\/wp-json\/wp\/v2\/posts\/556413","targetHints":{"allow":["GET"]}}],"collection":[{"href":"https:\/\/www.albinfo.at\/fr\/wp-json\/wp\/v2\/posts"}],"about":[{"href":"https:\/\/www.albinfo.at\/fr\/wp-json\/wp\/v2\/types\/post"}],"author":[{"embeddable":true,"href":"https:\/\/www.albinfo.at\/fr\/wp-json\/wp\/v2\/users\/4"}],"replies":[{"embeddable":true,"href":"https:\/\/www.albinfo.at\/fr\/wp-json\/wp\/v2\/comments?post=556413"}],"version-history":[{"count":0,"href":"https:\/\/www.albinfo.at\/fr\/wp-json\/wp\/v2\/posts\/556413\/revisions"}],"wp:featuredmedia":[{"embeddable":true,"href":"https:\/\/www.albinfo.at\/fr\/wp-json\/wp\/v2\/media\/364594"}],"wp:attachment":[{"href":"https:\/\/www.albinfo.at\/fr\/wp-json\/wp\/v2\/media?parent=556413"}],"wp:term":[{"taxonomy":"category","embeddable":true,"href":"https:\/\/www.albinfo.at\/fr\/wp-json\/wp\/v2\/categories?post=556413"},{"taxonomy":"post_tag","embeddable":true,"href":"https:\/\/www.albinfo.at\/fr\/wp-json\/wp\/v2\/tags?post=556413"},{"taxonomy":"vendi","embeddable":true,"href":"https:\/\/www.albinfo.at\/fr\/wp-json\/wp\/v2\/vendi?post=556413"},{"taxonomy":"content_country","embeddable":true,"href":"https:\/\/www.albinfo.at\/fr\/wp-json\/wp\/v2\/content_country?post=556413"}],"curies":[{"name":"wp","href":"https:\/\/api.w.org\/{rel}","templated":true}]}}