{"id":548418,"date":"2022-03-20T18:15:32","date_gmt":"2022-03-20T17:15:32","guid":{"rendered":"https:\/\/www.albinfo.ch\/?p=548418"},"modified":"2022-03-20T17:36:43","modified_gmt":"2022-03-20T16:36:43","slug":"covid-19-nouvelle-duree-de-validite-du-certificat-de-guerison-et-entree-en-suisse-facilitee-depuis-les-etats-tiers","status":"publish","type":"post","link":"https:\/\/www.albinfo.at\/fr\/covid-19-nouvelle-duree-de-validite-du-certificat-de-guerison-et-entree-en-suisse-facilitee-depuis-les-etats-tiers\/","title":{"rendered":"COVID-19 : nouvelle dur\u00e9e de validit\u00e9 du certificat de gu\u00e9rison et entr\u00e9e en Suisse facilit\u00e9e depuis les \u00c9tats tiers"},"content":{"rendered":"<div class=\"contentHead\"><\/div>\n<div class=\"mod mod-nsbnewsdetails\">\n<p>Dans la lign\u00e9e de ce qui a \u00e9t\u00e9 fait au niveau europ\u00e9en, la dur\u00e9e de validit\u00e9 du certificat COVID suisse pour personnes gu\u00e9ries est d\u00e9sormais limit\u00e9e \u00e0 180\u00a0jours. Cette mesure n&#8217;a pas de cons\u00e9quences directes pour les personnes gu\u00e9ries en Suisse, le certificat n&#8217;y \u00e9tant plus obligatoire. En r\u00e8gle g\u00e9n\u00e9rale, les \u00c9tats acceptant le certificat COVID suisse pour l&#8217;entr\u00e9e sur leur territoire limitent d\u00e9j\u00e0 la dur\u00e9e de validit\u00e9 \u00e0 180\u00a0jours. Les voyageurs restent soumis aux conditions d\u2019entr\u00e9e des pays de destination.<\/p>\n<p>Le 16\u00a0f\u00e9vrier 2022, le Conseil f\u00e9d\u00e9ral a lev\u00e9 les mesures sanitaires (quarantaine) impos\u00e9es \u00e0 la fronti\u00e8re pour entrer en Suisse. Les personnes non vaccin\u00e9es en provenance de certains pays hors espace Schengen (\u00c9tats tiers) restent toutefois soumises aux conditions d&#8217;entr\u00e9e li\u00e9es \u00e0 la pand\u00e9mie (voir https:\/\/travelcheck.admin.ch\/home).<\/p>\n<p>Face \u00e0 la diminution de la gravit\u00e9 des cas suite \u00e0 une contamination par le variant omicron du coronavirus, le Conseil f\u00e9d\u00e9ral a d\u00e9cid\u00e9, en accord avec les \u00c9tats de l&#8217;espace Schengen, d&#8217;assouplir les conditions d&#8217;entr\u00e9e pour les personnes gu\u00e9ries. Ainsi, l&#8217;entr\u00e9e en Suisse depuis un \u00c9tat tiers \u2013 comme les \u00c9tats-Unis, l&#8217;Inde ou la Serbie \u2013 est d\u00e9sormais possible non seulement pour les personnes vaccin\u00e9es, mais aussi pour les personnes gu\u00e9ries qui souhaitent faire dans notre pays un s\u00e9jour de courte dur\u00e9e non soumis \u00e0 autorisation. Cette mesure concerne principalement les entr\u00e9es \u00e0 des fins touristiques.<\/p>\n<\/div>\n","protected":false},"excerpt":{"rendered":"<p>Lors de sa s\u00e9ance du 18 mars 2022, le Conseil f\u00e9d\u00e9ral a d\u00e9cid\u00e9 de ramener de 270 \u00e0 180 jours la dur\u00e9e de validit\u00e9 des certificats COVID de gu\u00e9rison et, en parall\u00e8le, de faciliter l&#8217;entr\u00e9e en Suisse des personnes gu\u00e9ries du COVID-19 en provenance d&#8217;\u00c9tats non-membres de l&#8217;espace Schengen<\/p>\n","protected":false},"author":4,"featured_media":500846,"comment_status":"open","ping_status":"open","sticky":false,"template":"","format":"standard","meta":{"footnotes":""},"categories":[18826,22521,24630,1170],"tags":[1671],"vendi":[],"content_country":[31835,31838,31840],"class_list":["post-548418","post","type-post","status-publish","format-standard","has-post-thumbnail","hentry","category-lajme-jeta-ne-zvicer-fr","category-coronavirus-minutes-par-minutes","category-nouvelles","category-vivre-en-suisse","tag-zvicer-fr","content_country-austria-fr","content_country-germany-fr","content_country-zvicer-fr"],"acf":[],"_links":{"self":[{"href":"https:\/\/www.albinfo.at\/fr\/wp-json\/wp\/v2\/posts\/548418","targetHints":{"allow":["GET"]}}],"collection":[{"href":"https:\/\/www.albinfo.at\/fr\/wp-json\/wp\/v2\/posts"}],"about":[{"href":"https:\/\/www.albinfo.at\/fr\/wp-json\/wp\/v2\/types\/post"}],"author":[{"embeddable":true,"href":"https:\/\/www.albinfo.at\/fr\/wp-json\/wp\/v2\/users\/4"}],"replies":[{"embeddable":true,"href":"https:\/\/www.albinfo.at\/fr\/wp-json\/wp\/v2\/comments?post=548418"}],"version-history":[{"count":0,"href":"https:\/\/www.albinfo.at\/fr\/wp-json\/wp\/v2\/posts\/548418\/revisions"}],"wp:featuredmedia":[{"embeddable":true,"href":"https:\/\/www.albinfo.at\/fr\/wp-json\/wp\/v2\/media\/500846"}],"wp:attachment":[{"href":"https:\/\/www.albinfo.at\/fr\/wp-json\/wp\/v2\/media?parent=548418"}],"wp:term":[{"taxonomy":"category","embeddable":true,"href":"https:\/\/www.albinfo.at\/fr\/wp-json\/wp\/v2\/categories?post=548418"},{"taxonomy":"post_tag","embeddable":true,"href":"https:\/\/www.albinfo.at\/fr\/wp-json\/wp\/v2\/tags?post=548418"},{"taxonomy":"vendi","embeddable":true,"href":"https:\/\/www.albinfo.at\/fr\/wp-json\/wp\/v2\/vendi?post=548418"},{"taxonomy":"content_country","embeddable":true,"href":"https:\/\/www.albinfo.at\/fr\/wp-json\/wp\/v2\/content_country?post=548418"}],"curies":[{"name":"wp","href":"https:\/\/api.w.org\/{rel}","templated":true}]}}