{"id":541308,"date":"2022-02-19T12:38:52","date_gmt":"2022-02-19T11:38:52","guid":{"rendered":"https:\/\/www.albinfo.ch\/?p=541308"},"modified":"2022-02-19T12:38:52","modified_gmt":"2022-02-19T11:38:52","slug":"reception-a-loccasion-du-14eme-anniversaire-de-lindependance-du-kosovo-a-berne","status":"publish","type":"post","link":"https:\/\/www.albinfo.at\/fr\/reception-a-loccasion-du-14eme-anniversaire-de-lindependance-du-kosovo-a-berne\/","title":{"rendered":"R\u00e9ception \u00e0 l\u2019occasion du 14\u00e8me anniversaire de l\u2019ind\u00e9pendance du Kosovo, \u00e0 Berne"},"content":{"rendered":"<p>Dans une ambiance de f\u00eate \u00e0 Berne, l&#8217;Ambassade de la R\u00e9publique du Kosovo en Suisse a organis\u00e9 la traditionnelle r\u00e9ception \u00e0 l&#8217;occasion du 17 f\u00e9vrier, anniversaire de la d\u00e9claration d&#8217;ind\u00e9pendance de l&#8217;Etat du Kosovo, \u00e9crit <a href=\"http:\/\/albinfo.ch\">albinfo.ch<\/a>.<\/p>\n<p>La particularit\u00e9 de cette activit\u00e9 \u00e9tait qu&#8217;elle \u00e9tait organis\u00e9e pour la premi\u00e8re fois sans mesures anti-COVID, suivant la d\u00e9cision prise la veille par les autorit\u00e9s suisses. Les invit\u00e9s \u00e9taient libres et ne portaient ni masque ni obligation de montrer des certificats de vaccination.<\/p>\n<p>La r\u00e9ception solennelle de l&#8217;Ambassade du Kosovo en Suisse s&#8217;est d\u00e9roul\u00e9e en pr\u00e9sence des ambassadeurs et autres diplomates accr\u00e9dit\u00e9s \u00e0 Berne, ainsi que des repr\u00e9sentants des institutions suisses.<\/p>\n<p>Outre les personnes cit\u00e9es, parmi les invit\u00e9s figuraient \u00e9galement des compatriotes r\u00e9sidant en Suisse, des repr\u00e9sentants d&#8217;associations, de communaut\u00e9s religieuses et d&#8217;entreprises et des amis suisses de la communaut\u00e9 albanaise.<\/p>\n<p>Apr\u00e8s l&#8217;accueil des invit\u00e9s, les hymne du Kosovo et de la Suisse ont \u00e9t\u00e9 entonn\u00e9s, rapporte <a href=\"http:\/\/albinfo.ch\">albinfo.ch<\/a><\/p>\n<p>Dans son discours, l&#8217;ambassadeur de la R\u00e9publique du Kosovo en Suisse, Sami Ukelli, a \u00e9voqu\u00e9 les r\u00e9alisations et les d\u00e9fis qu\u2019a travers\u00e9 le plus jeune \u00e9tat d\u2019Europe.<\/p>\n<p>&#8220;Au cours des 14 derni\u00e8res ann\u00e9es, le Kosovo a montr\u00e9 d&#8217;\u00e9normes progr\u00e8s et il est imp\u00e9ratif de la reconnaitre. Le Kosovo a parcouru un long chemin dont nous pouvons tous \u00eatre fiers&#8221;, a d\u00e9clar\u00e9 le diplomate kosovar, \u00e9voquant les r\u00e9alisations de la diaspora kosovare en Suisse.<\/p>\n<p>&#8220;C\u2019est la diaspora, \u00e0 travers ses accomplissements et succ\u00e8s, qui contribue de mani\u00e8re significative \u00e0 pr\u00e9senter la v\u00e9ritable image du Kosovo et tous r\u00e9ussissent beaucoup mieux dans ce domaine que nous, les diplomates. Ce sont leurs succ\u00e8s de ces derni\u00e8res ann\u00e9es qui ont fortement influenc\u00e9 la formation de l&#8217;identit\u00e9 nationale albanaise au Kosovo \u00bb, a d\u00e9clar\u00e9 l&#8217;ambassadeur. &#8220;Aujourd&#8217;hui, il est devenu encore plus difficile d&#8217;\u00e9num\u00e9rer tous les cas individuels de r\u00e9ussite de la diaspora albanaise en Suisse sans en oublier aucun. La repr\u00e9sentation r\u00e9ussie d&#8217;un Kosovar pour la Suisse \u00e0 l&#8217;Eurovision, les performances extraordinaires des footballeurs pour la Suisse durant le Championnat d&#8217;Europe Euro2020, le prix de &#8220;l&#8217;entrepreneur de l&#8217;ann\u00e9e&#8221;, les postes dans les institutions l\u00e9gislatives et ex\u00e9cutives au niveau local et cantonal ne constituent qu&#8217;une partie. &#8220;Une partie du succ\u00e8s de milliers et de milliers de nos filles et gar\u00e7ons du Kosovo qui, par leur engagement, contribuent au d\u00e9veloppement de la Suisse elle-m\u00eame&#8221;, a poursuivi l&#8217;Ambassadeur Ukelli.<\/p>\n<p>Il s\u2019est par la suite arr\u00eat\u00e9 sur la n\u00e9cessit\u00e9 d&#8217;am\u00e9liorer les relations \u00e9conomiques avec le pays h\u00f4te, la Suisse. &#8220;Ce sont les relations \u00e9conomiques, les investissements et la croissance commerciale. &#8220;Nous devons redoubler d&#8217;efforts pour rendre plus attractif pour les entreprises suisses de venir investir au Kosovo, au b\u00e9n\u00e9fice des deux pays et des peuples&#8221;, a d\u00e9clar\u00e9 l&#8217;ambassadeur du Kosovo dans son discours.<\/p>\n<p>Le co-pr\u00e9sident du Groupe parlementaire d&#8217;amiti\u00e9 Suisse-Kosovo, le d\u00e9put\u00e9 national Cedric Wermuth, a \u00e9galement \u00e9voqu\u00e9 le changement d&#8217;image des Kosovars en Suisse. &#8220;Comme dans la politique, le sport et la culture et dans tous les domaines, les Kosovars font d\u00e9sormais partie de ce pays&#8221;, a d\u00e9clar\u00e9 Wermuth.<\/p>\n<p>Apr\u00e8s les discours, l&#8217;ambassadeur Ukelli et le d\u00e9put\u00e9 C\u00e9dric Wermuth ont coup\u00e9 la part du g\u00e2teau avec les drapeaux du Kosovo et de la Suisse en signe d&#8217;amiti\u00e9 sinc\u00e8re entre les peuples de nos deux pays.<\/p>\n<p>Plus de photos prises par Rromir Imami dans la galerie :<\/p>\n<blockquote class=\"wp-embedded-content\" data-secret=\"6RATwB5Llc\"><p><a href=\"https:\/\/www.albinfo.ch\/gallery\/foto-ambasada-e-kosoves-ne-berne-pritje-ne-14-vjetorin-e-pavaresise\/\">Foto: Ambasada e Kosov\u00ebs n\u00eb Bern\u00eb, pritje n\u00eb 14-vjetorin e Pavar\u00ebsis\u00eb<\/a><\/p><\/blockquote>\n<p><iframe loading=\"lazy\" class=\"wp-embedded-content\" sandbox=\"allow-scripts\" security=\"restricted\" style=\"position: absolute; visibility: hidden;\" title=\"&#8220;Foto: Ambasada e Kosov\u00ebs n\u00eb Bern\u00eb, pritje n\u00eb 14-vjetorin e Pavar\u00ebsis\u00eb&#8221; &#8212; Albinfo\" src=\"https:\/\/www.albinfo.ch\/gallery\/foto-ambasada-e-kosoves-ne-berne-pritje-ne-14-vjetorin-e-pavaresise\/embed\/#?secret=EhGUQxuw7s#?secret=6RATwB5Llc\" data-secret=\"6RATwB5Llc\" width=\"587\" height=\"331\" frameborder=\"0\" marginwidth=\"0\" marginheight=\"0\" scrolling=\"no\"><\/iframe><\/p>\n","protected":false},"excerpt":{"rendered":"<p>&#8220;La diaspora contribue de fa\u00e7on notable \u00e0 la pr\u00e9sentation de la vraie image du Kosovo et elle fait un travail bien plus remarquable que nous, les diplomates \u00bb, a entre autres d\u00e9clar\u00e9 durant son discours Sami Ukelli, ambassadeur de la R\u00e9publique du Kosovo \u00e0 Berne.<\/p>\n","protected":false},"author":6,"featured_media":540837,"comment_status":"open","ping_status":"open","sticky":false,"template":"","format":"standard","meta":{"footnotes":""},"categories":[1171,1164,1163,1170,1411,2014],"tags":[1625],"vendi":[31854],"content_country":[31835,31838,31840],"class_list":["post-541308","post","type-post","status-publish","format-standard","has-post-thumbnail","hentry","category-thematique","category-integration-fr","category-fr-e-diaspora","category-vivre-en-suisse","category-newsletter-fr","category-newsletter-media-fr","tag-pritje-de-fr","vendi-berne","content_country-austria-fr","content_country-germany-fr","content_country-zvicer-fr"],"acf":[],"_links":{"self":[{"href":"https:\/\/www.albinfo.at\/fr\/wp-json\/wp\/v2\/posts\/541308","targetHints":{"allow":["GET"]}}],"collection":[{"href":"https:\/\/www.albinfo.at\/fr\/wp-json\/wp\/v2\/posts"}],"about":[{"href":"https:\/\/www.albinfo.at\/fr\/wp-json\/wp\/v2\/types\/post"}],"author":[{"embeddable":true,"href":"https:\/\/www.albinfo.at\/fr\/wp-json\/wp\/v2\/users\/6"}],"replies":[{"embeddable":true,"href":"https:\/\/www.albinfo.at\/fr\/wp-json\/wp\/v2\/comments?post=541308"}],"version-history":[{"count":0,"href":"https:\/\/www.albinfo.at\/fr\/wp-json\/wp\/v2\/posts\/541308\/revisions"}],"wp:featuredmedia":[{"embeddable":true,"href":"https:\/\/www.albinfo.at\/fr\/wp-json\/wp\/v2\/media\/540837"}],"wp:attachment":[{"href":"https:\/\/www.albinfo.at\/fr\/wp-json\/wp\/v2\/media?parent=541308"}],"wp:term":[{"taxonomy":"category","embeddable":true,"href":"https:\/\/www.albinfo.at\/fr\/wp-json\/wp\/v2\/categories?post=541308"},{"taxonomy":"post_tag","embeddable":true,"href":"https:\/\/www.albinfo.at\/fr\/wp-json\/wp\/v2\/tags?post=541308"},{"taxonomy":"vendi","embeddable":true,"href":"https:\/\/www.albinfo.at\/fr\/wp-json\/wp\/v2\/vendi?post=541308"},{"taxonomy":"content_country","embeddable":true,"href":"https:\/\/www.albinfo.at\/fr\/wp-json\/wp\/v2\/content_country?post=541308"}],"curies":[{"name":"wp","href":"https:\/\/api.w.org\/{rel}","templated":true}]}}