{"id":537917,"date":"2022-02-05T20:54:50","date_gmt":"2022-02-05T19:54:50","guid":{"rendered":"https:\/\/www.albinfo.ch\/?p=537917"},"modified":"2022-02-06T01:10:56","modified_gmt":"2022-02-06T00:10:56","slug":"le-conseil-federal-confirme-la-prise-en-charge-des-couts-des-tests-pcr-pour-les-personnes-contact","status":"publish","type":"post","link":"https:\/\/www.albinfo.at\/fr\/le-conseil-federal-confirme-la-prise-en-charge-des-couts-des-tests-pcr-pour-les-personnes-contact\/","title":{"rendered":"le Conseil f\u00e9d\u00e9ral confirme la prise en charge des co\u00fbts des tests PCR pour les personnes-contact"},"content":{"rendered":"<p>La Conf\u00e9d\u00e9ration continue de prendre en charge les co\u00fbts des tests PCR des personnes qui ont \u00e9t\u00e9 en contact avec une personne test\u00e9e positive, par exemple dans les EMS. Le Conseil f\u00e9d\u00e9ral en a d\u00e9cid\u00e9 ainsi aujourd\u2019hui, vendredi 4 f\u00e9vrier 2022, par voie de circulation. Il pr\u00e9cise ainsi sa d\u00e9cision du 2 f\u00e9vrier 2022 concernant la lev\u00e9e de la quarantaine-contact.<\/p>\n<p>En levant la quarantaine-contact sans autre pr\u00e9cision, le Conseil f\u00e9d\u00e9ral a aussi supprim\u00e9 la prise en charge des co\u00fbts des tests PCR pour les personnes qui ont eu un contact \u00e9troit avec une personne infect\u00e9e. Or, ind\u00e9pendamment de la lev\u00e9e de la quarantaine-contact, le d\u00e9pistage reste important pour toute une s\u00e9rie de personnes. Les diagnostics pr\u00e9coces sont par exemple un \u00e9l\u00e9ment tr\u00e8s important de la strat\u00e9gie de d\u00e9pistage de l\u2019Office f\u00e9d\u00e9ral de la sant\u00e9 publique pour prot\u00e9ger les personnes vuln\u00e9rables, notamment celles qui suivent une chimioth\u00e9rapie. De m\u00eame, de nombreux EMS et h\u00f4pitaux ont besoin que les membres de leur personnel qui ont \u00e9t\u00e9 en contact avec des cas confirm\u00e9s puissent continuer \u00e0 travailler\u00a0; et pour cela, il est important que ces personnes puissent se faire tester \u00e0 titre individuel.<\/p>\n<p>Le Conseil f\u00e9d\u00e9ral a adapt\u00e9 en cons\u00e9quence l\u2019ordonnance\u00a03 COVID-19. Ces adaptations entrent en vigueur avec effet r\u00e9troactif au 3\u00a0f\u00e9vrier\u00a02022. Ainsi, la prise en charge des tests pour les personnes-contact demeure inchang\u00e9e et garantie.<\/p>\n","protected":false},"excerpt":{"rendered":"<p>Le Conseil f\u00e9d\u00e9ral en a d\u00e9cid\u00e9 ainsi aujourd\u2019hui, vendredi 4 f\u00e9vrier 2022, par voie de circulation. Il pr\u00e9cise ainsi sa d\u00e9cision du 2 f\u00e9vrier 2022 concernant la lev\u00e9e de la quarantaine-contact<\/p>\n","protected":false},"author":4,"featured_media":536783,"comment_status":"open","ping_status":"open","sticky":false,"template":"","format":"standard","meta":{"footnotes":""},"categories":[18826,22521,24630,1170],"tags":[],"vendi":[],"content_country":[31835,31838,31840],"class_list":["post-537917","post","type-post","status-publish","format-standard","has-post-thumbnail","hentry","category-lajme-jeta-ne-zvicer-fr","category-coronavirus-minutes-par-minutes","category-nouvelles","category-vivre-en-suisse","content_country-austria-fr","content_country-germany-fr","content_country-zvicer-fr"],"acf":[],"_links":{"self":[{"href":"https:\/\/www.albinfo.at\/fr\/wp-json\/wp\/v2\/posts\/537917","targetHints":{"allow":["GET"]}}],"collection":[{"href":"https:\/\/www.albinfo.at\/fr\/wp-json\/wp\/v2\/posts"}],"about":[{"href":"https:\/\/www.albinfo.at\/fr\/wp-json\/wp\/v2\/types\/post"}],"author":[{"embeddable":true,"href":"https:\/\/www.albinfo.at\/fr\/wp-json\/wp\/v2\/users\/4"}],"replies":[{"embeddable":true,"href":"https:\/\/www.albinfo.at\/fr\/wp-json\/wp\/v2\/comments?post=537917"}],"version-history":[{"count":0,"href":"https:\/\/www.albinfo.at\/fr\/wp-json\/wp\/v2\/posts\/537917\/revisions"}],"wp:featuredmedia":[{"embeddable":true,"href":"https:\/\/www.albinfo.at\/fr\/wp-json\/wp\/v2\/media\/536783"}],"wp:attachment":[{"href":"https:\/\/www.albinfo.at\/fr\/wp-json\/wp\/v2\/media?parent=537917"}],"wp:term":[{"taxonomy":"category","embeddable":true,"href":"https:\/\/www.albinfo.at\/fr\/wp-json\/wp\/v2\/categories?post=537917"},{"taxonomy":"post_tag","embeddable":true,"href":"https:\/\/www.albinfo.at\/fr\/wp-json\/wp\/v2\/tags?post=537917"},{"taxonomy":"vendi","embeddable":true,"href":"https:\/\/www.albinfo.at\/fr\/wp-json\/wp\/v2\/vendi?post=537917"},{"taxonomy":"content_country","embeddable":true,"href":"https:\/\/www.albinfo.at\/fr\/wp-json\/wp\/v2\/content_country?post=537917"}],"curies":[{"name":"wp","href":"https:\/\/api.w.org\/{rel}","templated":true}]}}