{"id":526458,"date":"2021-12-15T23:39:41","date_gmt":"2021-12-15T22:39:41","guid":{"rendered":"https:\/\/www.albinfo.ch\/?p=526458"},"modified":"2022-02-16T19:01:37","modified_gmt":"2022-02-16T18:01:37","slug":"les-protagonistes-de-la-diaspora-albanaise-en-suisse-qui-ont-marque-lannee-2021","status":"publish","type":"post","link":"https:\/\/www.albinfo.at\/fr\/les-protagonistes-de-la-diaspora-albanaise-en-suisse-qui-ont-marque-lannee-2021\/","title":{"rendered":"Les protagonistes de la diaspora albanaise en Suisse qui ont marqu\u00e9 l&#8217;ann\u00e9e 2021"},"content":{"rendered":"<p>Un \u00e9v\u00e9nement sp\u00e9cial de fin d&#8217;ann\u00e9e a \u00e9t\u00e9 organis\u00e9 par la plateforme <a href=\"http:\/\/albinfo.ch\">albinfo.ch<\/a> (en ligne et imprim\u00e9) vendredi soir.<\/p>\n<p>C\u2019est dans une ambiance agr\u00e9able et chaleureuse dans les locaux du restaurant &#8220;JetSet&#8221; de Kloten (Zurich) que la r\u00e9daction d\u2019<a href=\"http:\/\/albinfo.ch\">albinfo.ch<\/a> a d\u00e9cern\u00e9 des prix aux personnalit\u00e9s distingu\u00e9es de 2021, en respectant les r\u00e8gles 2G en vigueur contre le Covid.<\/p>\n<p>L&#8217;ambassadeur albanais \u00e0 Berne, Son Excellence Ilir Gjoni, le chef du consulat du Kosovo \u00e0 Zurich, Sami Kastrati, le consul Shukrije Ramadani, Adrian Andreja, consul g\u00e9n\u00e9ral \u00e0 Milan, ainsi que de nombreuses autres personnalit\u00e9s politiques, culturelles et sportives de notre communaut\u00e9 en Suisse \u00e9taient pr\u00e9sentes \u00e0 la c\u00e9r\u00e9monie.<\/p>\n<figure id=\"attachment_525071\" aria-describedby=\"caption-attachment-525071\" style=\"width: 749px\" class=\"wp-caption alignnone\"><a href=\"https:\/\/www.albinfo.ch\/wp-content\/uploads\/2021\/12\/rrim_211210_albinfo_personalitetet_e_vitit_1814_2048px_web.jpg\"><img loading=\"lazy\" decoding=\"async\" class=\"wp-image-525071\" src=\"https:\/\/www.albinfo.ch\/wp-content\/uploads\/2021\/12\/rrim_211210_albinfo_personalitetet_e_vitit_1814_2048px_web.jpg\" alt=\"\" width=\"749\" height=\"500\" \/><\/a><figcaption id=\"caption-attachment-525071\" class=\"wp-caption-text\">Journaliste Alisa Buzhala<br \/>\u00a92021 Rromir Imami\/albinfo.ch<\/figcaption><\/figure>\n<p>La soir\u00e9e, mod\u00e9r\u00e9e par la journaliste Alisa Buzhala, a \u00e9t\u00e9 introduite par le directeur de la plateforme m\u00e9diatique <a href=\"http:\/\/albinfo.ch\">albinfo.ch<\/a> (en ligne &amp; imprim\u00e9), Sevdail Tahiri, par un discours de bienvenue.<\/p>\n<p>\u00ab La plateforme Albinfo.ch a achev\u00e9 cette ann\u00e9e 11 ann\u00e9es de travail, 11 ans en ligne, c\u2019est \u00e9norme, toutes plus exigeantes les unes que les autres, mention sp\u00e9ciale \u00e0 l\u2019ann\u00e9e durant la pand\u00e9mie. 55 num\u00e9ros de magazine ont \u00e9t\u00e9 publi\u00e9s depuis 2014. On ne s&#8217;arr\u00eatera pas ! Nous avons march\u00e9 avec les succ\u00e8s de notre diaspora.<\/p>\n<figure id=\"attachment_525612\" aria-describedby=\"caption-attachment-525612\" style=\"width: 764px\" class=\"wp-caption alignnone\"><a href=\"https:\/\/www.albinfo.ch\/wp-content\/uploads\/2021\/12\/rrim_211210_albinfo_personalitetet_e_vitit_1619_lr_2048px-1.jpg\"><img loading=\"lazy\" decoding=\"async\" class=\"wp-image-525612\" src=\"https:\/\/www.albinfo.ch\/wp-content\/uploads\/2021\/12\/rrim_211210_albinfo_personalitetet_e_vitit_1619_lr_2048px-1.jpg\" alt=\"\" width=\"764\" height=\"500\" \/><\/a><figcaption id=\"caption-attachment-525612\" class=\"wp-caption-text\">Le directeur de la plateforme m\u00e9diatique <a href=\"http:\/\/albinfo.ch\">albinfo.ch<\/a> (en ligne &amp; imprim\u00e9), Sevdail Tahiri<\/figcaption><\/figure>\n<p>Nous n&#8217;aurions pas obtenu tous ces succ\u00e8s sans la grande \u00e9quipe de journalistes et r\u00e9dacteurs d&#8217;Albinfo.ch : Suisse, Autriche, Kosovo, Mac\u00e9doine et Albanie \u00bb, a poursuivi Sevdail Tahiri.<\/p>\n<p>Nous n&#8217;avons jamais h\u00e9sit\u00e9 \u00e0 aborder le th\u00e8me de la libert\u00e9 d&#8217;expression. Albinfo.ch a fait entendre la voix de la communaut\u00e9 albanaise en Suisse comme ailleurs. Albinfo.ch est d\u00e9sormais devenu une r\u00e9f\u00e9rence cr\u00e9dible pour les m\u00e9dias suisses.<\/p>\n<p>La plateforme en ligne et imprim\u00e9e Albinfo de 2018 n&#8217;est pas financ\u00e9e par des projets publics, mais par le marketing, gr\u00e2ce \u00e0 nos partenaires, a conclu le directeur Sevdail Tahiri, en remerciant tous les partenaires commerciaux qui ont permis le travail d&#8217;<a href=\"http:\/\/albinfo.ch\">albinfo.ch<\/a>.<\/p>\n<p>Les participants ont \u00e9t\u00e9 accueillis par le fondateur d&#8217;<a href=\"http:\/\/albinfo.ch\">albinfo.ch<\/a> et l&#8217;homme le plus m\u00e9ritant pour la naissance de ce projet r\u00e9ussi, le Dr. Bashkim Is\u00e9ni.<\/p>\n<figure id=\"attachment_525615\" aria-describedby=\"caption-attachment-525615\" style=\"width: 764px\" class=\"wp-caption alignnone\"><a href=\"https:\/\/www.albinfo.ch\/wp-content\/uploads\/2021\/12\/rrim_211210_albinfo_personalitetet_e_vitit_1628_lr_2048px.jpg\"><img loading=\"lazy\" decoding=\"async\" class=\"wp-image-525615\" src=\"https:\/\/www.albinfo.ch\/wp-content\/uploads\/2021\/12\/rrim_211210_albinfo_personalitetet_e_vitit_1628_lr_2048px.jpg\" alt=\"\" width=\"764\" height=\"500\" \/><\/a><figcaption id=\"caption-attachment-525615\" class=\"wp-caption-text\">Dr.Bashkim Iseni\u00a0<br \/>\u00a92021 Rromir Imami\/albinfo.ch<\/figcaption><\/figure>\n<p>Albinfo.ch a \u00e9t\u00e9 cr\u00e9\u00e9 comme un projet dans le but de r\u00e9pondre \u00e0 l&#8217;int\u00e9r\u00eat pour l&#8217;information sur les d\u00e9veloppements de la diaspora albanaise, ceux du pays d&#8217;origine, etc. Mais la mise en place de la plateforme avait une autre mission concr\u00e8te : apporter sa contribution \u00e0 l&#8217;int\u00e9gration, la promotion et l&#8217;inclusion de la population albanaise dans l&#8217;environnement o\u00f9 elle vit, renfor\u00e7ant ainsi l&#8217;engagement social, mais aussi le d\u00e9veloppement \u00e9conomique de cette soci\u00e9t\u00e9, a d\u00e9clar\u00e9 Iseni. . .<\/p>\n<p>Il a soulign\u00e9 qu&#8217;il s&#8217;agit du plus grand projet pour les Albanais, mais aussi parmi les plus grands pour les communaut\u00e9s \u00e9trang\u00e8res en g\u00e9n\u00e9ral, mis en place et financ\u00e9 depuis plus de 7 ans par les institutions f\u00e9d\u00e9rales suisses.<\/p>\n<p>Bashkim Iseni a \u00e9voqu\u00e9 l&#8217;\u00e9poque de sa cr\u00e9ation et a exprim\u00e9 sa satisfaction de constater qu&#8217;aujourd&#8217;hui encore, plus de 11 ans plus tard, <a href=\"http:\/\/albinfo.ch\">albinfo.ch<\/a> non seulement survit, mais se d\u00e9veloppe \u00e9galement tout en devenant une source d&#8217;information cr\u00e9dible et in\u00e9gal\u00e9e pour la diaspora et au-del\u00e0.<\/p>\n<p>Ci-dessous les r\u00e9compenses des Personnalit\u00e9s de l&#8217;ann\u00e9e, dans 5 domaines diff\u00e9rents, soit 5 personnalit\u00e9s qui ont marqu\u00e9 l&#8217;ann\u00e9e 2021, une ann\u00e9e riche en d\u00e9fis, chacun dans son domaine respectif.<\/p>\n<p>Ainsi, la Personne de l&#8217;ann\u00e9e dans le domaine des affaires a \u00e9t\u00e9 proclam\u00e9e Avni Orllati, fondateur et propri\u00e9taire de la grande entreprise de construction portant le m\u00eame nom et si\u00e9geant \u00e0 Lausanne.<\/p>\n<figure id=\"attachment_525245\" aria-describedby=\"caption-attachment-525245\" style=\"width: 714px\" class=\"wp-caption alignnone\"><a href=\"https:\/\/www.albinfo.ch\/wp-content\/uploads\/2021\/12\/personaliteti-i-vitit-orlati.png\"><img loading=\"lazy\" decoding=\"async\" class=\"wp-image-525245\" src=\"https:\/\/www.albinfo.ch\/wp-content\/uploads\/2021\/12\/personaliteti-i-vitit-orlati.png\" alt=\"\" width=\"714\" height=\"500\" \/><\/a><figcaption id=\"caption-attachment-525245\" class=\"wp-caption-text\">Ainsi, la Personne de l&#8217;ann\u00e9e dans le domaine des affaires a \u00e9t\u00e9 proclam\u00e9e Avni Orllati<\/figcaption><\/figure>\n<p>L&#8217;entreprise dirig\u00e9e par Orllati est l&#8217;un des g\u00e9ants de la construction au niveau suisse. L&#8217;ann\u00e9e derni\u00e8re, Avni Orllati a \u00e9t\u00e9 \u00e9lue Personnalit\u00e9 de l&#8217;ann\u00e9e dans le domaine de la construction pour la Suisse. M. Orllati n&#8217;a pu \u00eatre pr\u00e9sent \u00e0 la remise des prix pour des raisons objectives.<\/p>\n<p>Ensuite, le prix de personnalit\u00e9 de l&#8217;ann\u00e9e dans le domaine de la sant\u00e9 a \u00e9t\u00e9 re\u00e7u par le dr. Fatime Berisha-Imeri.<\/p>\n<figure id=\"attachment_525621\" aria-describedby=\"caption-attachment-525621\" style=\"width: 749px\" class=\"wp-caption alignnone\"><a href=\"https:\/\/www.albinfo.ch\/wp-content\/uploads\/2021\/12\/rrim_211210_albinfo_personalitetet_e_vitit_1673_lr_2048px-1.jpg\"><img loading=\"lazy\" decoding=\"async\" class=\"wp-image-525621\" src=\"https:\/\/www.albinfo.ch\/wp-content\/uploads\/2021\/12\/rrim_211210_albinfo_personalitetet_e_vitit_1673_lr_2048px-1.jpg\" alt=\"\" width=\"749\" height=\"500\" \/><\/a><figcaption id=\"caption-attachment-525621\" class=\"wp-caption-text\">Ensuite, le prix de personnalit\u00e9 de l&#8217;ann\u00e9e dans le domaine de la sant\u00e9 a \u00e9t\u00e9 re\u00e7u par le dr. Fatime Berisha-Imeri<br \/>\u00a92021 Rromir Imami\/albinfo.ch<\/figcaption><\/figure>\n<p>Le prix a \u00e9t\u00e9 remis par Ilir Gjoni, ambassadeur de la R\u00e9publique d&#8217;Albanie<\/p>\n<figure id=\"attachment_525618\" aria-describedby=\"caption-attachment-525618\" style=\"width: 749px\" class=\"wp-caption alignnone\"><a href=\"https:\/\/www.albinfo.ch\/wp-content\/uploads\/2021\/12\/rrim_211210_albinfo_personalitetet_e_vitit_1679_lr_2048px-1.jpg\"><img loading=\"lazy\" decoding=\"async\" class=\"wp-image-525618\" src=\"https:\/\/www.albinfo.ch\/wp-content\/uploads\/2021\/12\/rrim_211210_albinfo_personalitetet_e_vitit_1679_lr_2048px-1.jpg\" alt=\"\" width=\"749\" height=\"500\" \/><\/a><figcaption id=\"caption-attachment-525618\" class=\"wp-caption-text\">Personalitet i Vitit n\u00eb Sh\u00ebndet\u00ebsi dr. Fatime Berisha-Imeri<br \/>\u00a92021 Rromir Imami\/albinfo.ch<\/figcaption><\/figure>\n<p>Elle a \u00e9t\u00e9 salu\u00e9e comme un personnage qui a apport\u00e9 sa pr\u00e9cieuse contribution \u00e0 la sensibilisation de la communaut\u00e9 albanaise sur la pand\u00e9mie de coronavirus, qui nous suit depuis maintenant deux ans.<\/p>\n<p>Mme Brisha -Imeri, alors qu\u2019elle recevait le prix, a remerci\u00e9 <a href=\"http:\/\/albinfo.ch\">albinfo.ch<\/a> pour l&#8217;honneur et pour la possibilit\u00e9 que lui a \u00e9t\u00e9 donn\u00e9e de s\u2019exprimer \u00e0 travers <a href=\"http:\/\/albinfo.ch\">albinfo.ch<\/a> au sujet de la lutte contre la pand\u00e9mie.<\/p>\n<p>Pour ses grands m\u00e9rites d\u00e9montr\u00e9s au cours de cette ann\u00e9e, en s&#8217;engageant dans les domaines politiques et sociaux, le laur\u00e9at du prix dans ces domaines \u00e9tait le jeune homme politique de Zurich, Islam Alijaj.<\/p>\n<p>https:\/\/www.youtube.com\/watch?v=rWYHS0iKUk8&#038;fbclid=IwAR2m-11iKgVpE5x_uTrz0hUXHWxuwDAvf7LYPIc4mN7BR7GnBCdEaZRLB88<\/p>\n<p>Absent, il a salu\u00e9 les personnes pr\u00e9sentes \u00e0 travers une vid\u00e9o, remerciant la r\u00e9daction d&#8217;<a href=\"http:\/\/albinfo.ch\">albinfo.ch<\/a> pour le choix effectu\u00e9.<\/p>\n<p>La personnalit\u00e9 de l&#8217;ann\u00e9e 2021 dans le domaine de l&#8217;art et de la culture \u00e9tait Gjon Muharremaj. (Gjon`s tears). Les mots ne suffisent pas pour s\u2019exprimer \u00e0 son sujet. Le Suisse romande \u00a0a remport\u00e9 un succ\u00e8s extraordinaire au cours de l\u2019ann\u00e9e \u00e9coul\u00e9e, occupant la troisi\u00e8me place du festival international de l\u2019Eurovision<\/p>\n<figure id=\"attachment_525248\" aria-describedby=\"caption-attachment-525248\" style=\"width: 735px\" class=\"wp-caption alignnone\"><a href=\"https:\/\/www.albinfo.ch\/wp-content\/uploads\/2021\/12\/gjon-muharremaj.png\"><img loading=\"lazy\" decoding=\"async\" class=\"wp-image-525248\" src=\"https:\/\/www.albinfo.ch\/wp-content\/uploads\/2021\/12\/gjon-muharremaj.png\" alt=\"\" width=\"735\" height=\"500\" \/><\/a><figcaption id=\"caption-attachment-525248\" class=\"wp-caption-text\">La personnalit\u00e9 de l&#8217;ann\u00e9e 2021 dans le domaine de l&#8217;art et de la culture \u00e9tait Gjon Muharremaj. (Gjon`s tears).<\/figcaption><\/figure>\n<p>Lui aussi, pour des raisons objectives, ne pouvait pas \u00eatre l\u00e0, mais avait envoy\u00e9 une vid\u00e9o, \u00e0 travers laquelle il s&#8217;adressait au public et au personnel d&#8217;<a href=\"http:\/\/albinfo.ch\">albinfo.ch<\/a> avec un chaleureux et beau remerciement exprim\u00e9 en albanais.<\/p>\n<p style=\"text-align: right;\"><iframe loading=\"lazy\" src=\"https:\/\/streamable.com\/e\/igzych\" width=\"560\" height=\"988\" frameborder=\"0\" allowfullscreen=\"allowfullscreen\" data-mce-fragment=\"1\"><\/iframe><\/p>\n<p>Pour le domaine du sport, cette fois il n&#8217;y avait pas de personnalit\u00e9 au sens individuel, mais c\u2019est un club de sport qui a \u00e9t\u00e9 choisi.<\/p>\n<p>La r\u00e9compense au nom du club a \u00e9t\u00e9 d\u00e9livr\u00e9e au pr\u00e9sident du FC Kosova, Nesret Limani. Il a remerci\u00e9 la r\u00e9daction d&#8217;<a href=\"http:\/\/albinfo.ch\">albinfo.ch<\/a> pour cet honneur et a rappel\u00e9 que le club qu&#8217;il dirige fonctionne sur une base b\u00e9n\u00e9vole et que tout le monde y travaille avec passion pour faire avancer le sport au sein de notre communaut\u00e9.<\/p>\n<figure id=\"attachment_525625\" aria-describedby=\"caption-attachment-525625\" style=\"width: 749px\" class=\"wp-caption alignnone\"><a href=\"https:\/\/www.albinfo.ch\/wp-content\/uploads\/2021\/12\/rrim_211210_albinfo_personalitetet_e_vitit_1707_lr_2048px.jpg\"><img loading=\"lazy\" decoding=\"async\" class=\"wp-image-525625\" src=\"https:\/\/www.albinfo.ch\/wp-content\/uploads\/2021\/12\/rrim_211210_albinfo_personalitetet_e_vitit_1707_lr_2048px.jpg\" alt=\"\" width=\"749\" height=\"500\" \/><\/a><figcaption id=\"caption-attachment-525625\" class=\"wp-caption-text\">La r\u00e9compense au nom du club a \u00e9t\u00e9 d\u00e9livr\u00e9e au pr\u00e9sident du FC Kosova, Nesret Limani \u00a92021 Rromir Imami\/albinfo.ch<\/figcaption><\/figure>\n<figure id=\"attachment_525053\" aria-describedby=\"caption-attachment-525053\" style=\"width: 749px\" class=\"wp-caption alignnone\"><a href=\"https:\/\/www.albinfo.ch\/wp-content\/uploads\/2021\/12\/rrim_211210_albinfo_personalitetet_e_vitit_1831_2048px_web.jpg\"><img loading=\"lazy\" decoding=\"async\" class=\"wp-image-525053\" src=\"https:\/\/www.albinfo.ch\/wp-content\/uploads\/2021\/12\/rrim_211210_albinfo_personalitetet_e_vitit_1831_2048px_web.jpg\" alt=\"\" width=\"749\" height=\"500\" \/><\/a><figcaption id=\"caption-attachment-525053\" class=\"wp-caption-text\">FC Kosova e Cyrihut, klubi futbollistik m\u00eb t\u00eb suksessh\u00ebm n\u00eb Zvic\u00ebr \u00a92021 Rromir Imami\/albinfo.ch<\/figcaption><\/figure>\n<p>Un \u00e9l\u00e9ment tr\u00e8s important, outre les r\u00e9compenses, lors de cette soir\u00e9e a \u00e9t\u00e9 la \u00ab chronique musicale \u00bb. Le m\u00e9rite en revient aux chanteurs Chip Deva (Albanian Deva) et Valon Muhadri, accompagn\u00e9s au piano par le maestro Leutrim Alij.<\/p>\n<figure id=\"attachment_525628\" aria-describedby=\"caption-attachment-525628\" style=\"width: 749px\" class=\"wp-caption alignnone\"><a href=\"https:\/\/www.albinfo.ch\/wp-content\/uploads\/2021\/12\/rrim_211210_albinfo_personalitetet_e_vitit_1729_lr_2048px.jpg\"><img loading=\"lazy\" decoding=\"async\" class=\"wp-image-525628\" src=\"https:\/\/www.albinfo.ch\/wp-content\/uploads\/2021\/12\/rrim_211210_albinfo_personalitetet_e_vitit_1729_lr_2048px.jpg\" alt=\"\" width=\"749\" height=\"500\" \/><\/a><figcaption id=\"caption-attachment-525628\" class=\"wp-caption-text\">Le m\u00e9rite en revient aux chanteurs Chip Deva \u00a0\u00a92021Rromir Imami\/albinfo.ch<\/figcaption><\/figure>\n<figure id=\"attachment_525644\" aria-describedby=\"caption-attachment-525644\" style=\"width: 749px\" class=\"wp-caption alignnone\"><a href=\"https:\/\/www.albinfo.ch\/wp-content\/uploads\/2021\/12\/rrim_211210_albinfo_personalitetet_e_vitit_1980_lr_2048px-1.jpg\"><img loading=\"lazy\" decoding=\"async\" class=\"wp-image-525644\" src=\"https:\/\/www.albinfo.ch\/wp-content\/uploads\/2021\/12\/rrim_211210_albinfo_personalitetet_e_vitit_1980_lr_2048px-1.jpg\" alt=\"\" width=\"749\" height=\"500\" \/><\/a><figcaption id=\"caption-attachment-525644\" class=\"wp-caption-text\">Ekipi i albinfo.ch s\u00eb bashku me themeluesin dr.Bashkim Iseni<\/figcaption><\/figure>\n<figure id=\"attachment_525631\" aria-describedby=\"caption-attachment-525631\" style=\"width: 749px\" class=\"wp-caption alignnone\"><a href=\"https:\/\/www.albinfo.ch\/wp-content\/uploads\/2021\/12\/rrim_211210_albinfo_personalitetet_e_vitit_1591_lr_2048px.jpg\"><img loading=\"lazy\" decoding=\"async\" class=\"wp-image-525631\" src=\"https:\/\/www.albinfo.ch\/wp-content\/uploads\/2021\/12\/rrim_211210_albinfo_personalitetet_e_vitit_1591_lr_2048px.jpg\" alt=\"\" width=\"749\" height=\"500\" \/><\/a><figcaption id=\"caption-attachment-525631\" class=\"wp-caption-text\">Valon Muhadri<\/figcaption><\/figure>\n<p>Remerciements:<\/p>\n<p>Les personnalit\u00e9s du mondes des affaires ont \u00e9t\u00e9 remerci\u00e9es, \u00e0 savoir leurs soci\u00e9t\u00e9s:<\/p>\n<p>Lejla Ibrahimi-Salahi, d&#8217;Air Prishtina et la soci\u00e9t\u00e9 Chair;<\/p>\n<p>&#8220;Benedictschule&#8221; respectivement Arsen Shoshi;<\/p>\n<p>Swisscontact (Linda Baleta);<\/p>\n<p>Vali Ranch (Fehmi Fetahu),<\/p>\n<p>entreprise de construction LIKA (Esar Lika) ;<\/p>\n<p>R.B (Rexhep Berisha),<\/p>\n<p>Lifepersonal;<\/p>\n<p>Swissalbs (Arbela Statovci);<\/p>\n<p>Infrashape (Sali Dauti),<\/p>\n<p>Albert Berisha &#8211; Gani Transport, ainsi que d&#8217;autres partenaires d&#8217;<a href=\"http:\/\/albinfo.ch\">albinfo.ch<\/a>.<\/p>\n<p>Certaines des personnes mentionn\u00e9es ont adress\u00e9 des remerciements aux personnes pr\u00e9sentes durant la c\u00e9r\u00e9monie.<\/p>\n<figure id=\"attachment_525637\" aria-describedby=\"caption-attachment-525637\" style=\"width: 747px\" class=\"wp-caption alignnone\"><a href=\"https:\/\/www.albinfo.ch\/wp-content\/uploads\/2021\/12\/rrim_211210_albinfo_personalitetet_e_vitit_1752_lr_2048px.jpg\"><img loading=\"lazy\" decoding=\"async\" class=\"wp-image-525637\" src=\"https:\/\/www.albinfo.ch\/wp-content\/uploads\/2021\/12\/rrim_211210_albinfo_personalitetet_e_vitit_1752_lr_2048px.jpg\" alt=\"\" width=\"747\" height=\"500\" \/><\/a><figcaption id=\"caption-attachment-525637\" class=\"wp-caption-text\">Fehmi Fetahi Vali Ranch<br \/>\u00a92021 Rromir Imami\/albinfo.ch<\/figcaption><\/figure>\n<figure id=\"attachment_525634\" aria-describedby=\"caption-attachment-525634\" style=\"width: 747px\" class=\"wp-caption alignnone\"><a href=\"https:\/\/www.albinfo.ch\/wp-content\/uploads\/2021\/12\/rrim_211210_albinfo_personalitetet_e_vitit_1763_lr_2048px.jpg\"><img loading=\"lazy\" decoding=\"async\" class=\"wp-image-525634\" src=\"https:\/\/www.albinfo.ch\/wp-content\/uploads\/2021\/12\/rrim_211210_albinfo_personalitetet_e_vitit_1763_lr_2048px.jpg\" alt=\"\" width=\"747\" height=\"500\" \/><\/a><figcaption id=\"caption-attachment-525634\" class=\"wp-caption-text\">Rexhep Berisha R.B \u00a92021 Rromir Imami\/albinfo.ch<\/figcaption><\/figure>\n<figure id=\"attachment_525074\" aria-describedby=\"caption-attachment-525074\" style=\"width: 749px\" class=\"wp-caption alignnone\"><a href=\"https:\/\/www.albinfo.ch\/wp-content\/uploads\/2021\/12\/rrim_211210_albinfo_personalitetet_e_vitit_1802_2048px_web.jpg\"><img loading=\"lazy\" decoding=\"async\" class=\"wp-image-525074\" src=\"https:\/\/www.albinfo.ch\/wp-content\/uploads\/2021\/12\/rrim_211210_albinfo_personalitetet_e_vitit_1802_2048px_web.jpg\" alt=\"\" width=\"749\" height=\"500\" \/><\/a><figcaption id=\"caption-attachment-525074\" class=\"wp-caption-text\">Sali Dauti &#8211; Infrashape \u00a92021 Rromir Imami\/albinfo.ch<\/figcaption><\/figure>\n<p>Plus de photos de la c\u00e9r\u00e9monie solennelle de remise des prix sur <a href=\"http:\/\/albinfo.ch\">albinfo.ch<\/a>, dans la galerie :<\/p>\n<blockquote class=\"wp-embedded-content\" data-secret=\"BcmMtthoKt\"><p><a href=\"https:\/\/www.albinfo.ch\/gallery\/apero-solemne-e-ndarjes-se-cmimeve-per-personalitetet-e-vitit-2021-nga-albinfo-ch\/\">Apero solemne e ndarjes s\u00eb \u00e7mimeve p\u00ebr personalitetet e vitit 2021 nga Albinfo.ch<\/a><\/p><\/blockquote>\n<p><iframe loading=\"lazy\" class=\"wp-embedded-content\" sandbox=\"allow-scripts\" security=\"restricted\" style=\"position: absolute; visibility: hidden;\" title=\"&#8220;Apero solemne e ndarjes s\u00eb \u00e7mimeve p\u00ebr personalitetet e vitit 2021 nga Albinfo.ch&#8221; &#8212; Albinfo\" src=\"https:\/\/www.albinfo.ch\/gallery\/apero-solemne-e-ndarjes-se-cmimeve-per-personalitetet-e-vitit-2021-nga-albinfo-ch\/embed\/#?secret=nqhuWC2Rcp#?secret=BcmMtthoKt\" data-secret=\"BcmMtthoKt\" width=\"587\" height=\"331\" frameborder=\"0\" marginwidth=\"0\" marginheight=\"0\" scrolling=\"no\"><\/iframe><\/p>\n<p>&nbsp;<\/p>\n","protected":false},"excerpt":{"rendered":"<p>La plateforme m\u00e9diatique albinfo.ch a d\u00e9cern\u00e9 le prix &#8220;Personnalit\u00e9 de l&#8217;ann\u00e9e&#8221; 2021 marquant les engagements sp\u00e9ciaux dans les domaines de la Sant\u00e9, la politique, les arts, la construction et les sports.<\/p>\n","protected":false},"author":6,"featured_media":525649,"comment_status":"open","ping_status":"open","sticky":false,"template":"","format":"standard","meta":{"footnotes":""},"categories":[1171,1164,1163,1170,1411,2014],"tags":[3495,32237,32238,32239],"vendi":[31859],"content_country":[31835,31838,31840],"class_list":["post-526458","post","type-post","status-publish","format-standard","has-post-thumbnail","hentry","category-thematique","category-integration-fr","category-fr-e-diaspora","category-vivre-en-suisse","category-newsletter-fr","category-newsletter-media-fr","tag-albinfo","tag-kloten-fr","tag-apero-fr","tag-cmimet-fr","vendi-zurich","content_country-austria-fr","content_country-germany-fr","content_country-zvicer-fr"],"acf":[],"_links":{"self":[{"href":"https:\/\/www.albinfo.at\/fr\/wp-json\/wp\/v2\/posts\/526458","targetHints":{"allow":["GET"]}}],"collection":[{"href":"https:\/\/www.albinfo.at\/fr\/wp-json\/wp\/v2\/posts"}],"about":[{"href":"https:\/\/www.albinfo.at\/fr\/wp-json\/wp\/v2\/types\/post"}],"author":[{"embeddable":true,"href":"https:\/\/www.albinfo.at\/fr\/wp-json\/wp\/v2\/users\/6"}],"replies":[{"embeddable":true,"href":"https:\/\/www.albinfo.at\/fr\/wp-json\/wp\/v2\/comments?post=526458"}],"version-history":[{"count":0,"href":"https:\/\/www.albinfo.at\/fr\/wp-json\/wp\/v2\/posts\/526458\/revisions"}],"wp:featuredmedia":[{"embeddable":true,"href":"https:\/\/www.albinfo.at\/fr\/wp-json\/wp\/v2\/media\/525649"}],"wp:attachment":[{"href":"https:\/\/www.albinfo.at\/fr\/wp-json\/wp\/v2\/media?parent=526458"}],"wp:term":[{"taxonomy":"category","embeddable":true,"href":"https:\/\/www.albinfo.at\/fr\/wp-json\/wp\/v2\/categories?post=526458"},{"taxonomy":"post_tag","embeddable":true,"href":"https:\/\/www.albinfo.at\/fr\/wp-json\/wp\/v2\/tags?post=526458"},{"taxonomy":"vendi","embeddable":true,"href":"https:\/\/www.albinfo.at\/fr\/wp-json\/wp\/v2\/vendi?post=526458"},{"taxonomy":"content_country","embeddable":true,"href":"https:\/\/www.albinfo.at\/fr\/wp-json\/wp\/v2\/content_country?post=526458"}],"curies":[{"name":"wp","href":"https:\/\/api.w.org\/{rel}","templated":true}]}}