{"id":519137,"date":"2021-11-19T14:00:41","date_gmt":"2021-11-19T13:00:41","guid":{"rendered":"https:\/\/www.albinfo.ch\/?p=519137"},"modified":"2021-11-19T13:24:12","modified_gmt":"2021-11-19T12:24:12","slug":"le-conseil-federal-entend-faire-de-la-suisse-un-leader-mondial-en-matiere-de-placements-durables-grace-a-la-transparence-climatique","status":"publish","type":"post","link":"https:\/\/www.albinfo.at\/fr\/le-conseil-federal-entend-faire-de-la-suisse-un-leader-mondial-en-matiere-de-placements-durables-grace-a-la-transparence-climatique\/","title":{"rendered":"Le Conseil f\u00e9d\u00e9ral entend faire de la Suisse un leader mondial en mati\u00e8re de placements durables gr\u00e2ce \u00e0 la transparence climatique"},"content":{"rendered":"<div class=\"contentHead\"><\/div>\n<div class=\"mod mod-nsbnewsdetails\">\n<p>Le Conseil f\u00e9d\u00e9ral recommande aux op\u00e9rateurs du march\u00e9 financier de cr\u00e9er de la transparence dans tous les produits financiers et les portefeuilles des clients \u00e0 l&#8217;aide d&#8217;indicateurs de compatibilit\u00e9 climatique comparables et significatifs. Cette transparence peut, par exemple, \u00eatre assur\u00e9e au moyen d&#8217;indicateurs de hausse de temp\u00e9rature implicite, instrument qui permet d&#8217;\u00e9valuer les plans de production des entreprises figurant dans les portefeuilles en les comparant avec les mesures requises pour limiter le r\u00e9chauffement climatique maximal \u00e0 1,5\u00a0\u00b0C. Ces indicateurs montrent de mani\u00e8re simple aux investisseurs comment les produits financiers doivent \u00eatre class\u00e9s en fonction de leur impact sur le climat. Le Conseil f\u00e9d\u00e9ral invite par ailleurs le secteur financier \u00e0 adh\u00e9rer \u00e0 des alliances internationales \u00abnet z\u00e9ro\u00bb et entend encourager la conclusion d&#8217;accords sectoriels \u00e0 cette fin. Le terme \u00abz\u00e9ro net\u00bb ou \u00abz\u00e9ro \u00e9mission nette\u00bb signifie qu&#8217;il ne peut y avoir, au niveau mondial, plus de gaz \u00e0 effet de serre \u00e9mis que ce qui peut \u00eatre absorb\u00e9 par des moyens naturels ou techniques.<\/p>\n<p>On parle d&#8217;\u00e9coblanchiment ou de \u00abgreenwashing\u00bb lorsque l&#8217;on trompe sciemment ou inconsciemment ou l&#8217;on induit en erreur les clients des institutions financi\u00e8res quant aux caract\u00e9ristiques durables des produits financiers et des processus de conseil. Il est donc utile de promouvoir des d\u00e9finitions uniformes de l&#8217;effet des placements sur le d\u00e9veloppement durable. L\u2019\u00c9tat doit, dans la mesure du possible, conserver son r\u00f4le subsidiaire \u00e0 cet \u00e9gard. La Suisse ayant pris des engagements pour sa place financi\u00e8re dans le cadre de l&#8217;Accord de Paris sur le climat, il semble judicieux de se concentrer dans un premier temps sur les impacts climatiques. Cette orientation est conforme aux d\u00e9veloppements internationaux tels que ceux du G20 et de l&#8217;UE.<\/p>\n<p>Le Conseil f\u00e9d\u00e9ral a en outre charg\u00e9 le D\u00e9partement f\u00e9d\u00e9ral des finances (DFF), en collaboration avec le D\u00e9partement f\u00e9d\u00e9ral de l\u2019environnement, des transports, de l\u2019\u00e9nergie et de la communication\u00a0(DETEC), de lui pr\u00e9senter jusqu&#8217;\u00e0 la fin 2022 un \u00e9tat de la mise en \u0153uvre des recommandations susmentionn\u00e9es par le secteur financier et, le cas \u00e9ch\u00e9ant, de lui soumettre des propositions de mesures. Enfin, le Conseil f\u00e9d\u00e9ral a charg\u00e9 le DFF, en collaboration avec le DETEC et la FINMA, de lui faire des propositions d&#8217;ici \u00e0 la fin 2022 sur la mani\u00e8re dont le droit des march\u00e9s financiers pourrait \u00eatre adapt\u00e9, notamment en mati\u00e8re de transparence, pour \u00e9viter l&#8217;\u00e9coblanchiment.<\/p><\/div>\n","protected":false},"excerpt":{"rendered":"<p>La place financi\u00e8re suisse doit \u00eatre un acteur cr\u00e9dible au niveau mondial pour les investisseurs qui souhaitent apporter une contribution comparable et mesurable en faveur de l&#8217;environnement et de la soci\u00e9t\u00e9. \u00c0 cette fin, le Conseil f\u00e9d\u00e9ral a adopt\u00e9 diff\u00e9rentes mesures lors de sa s\u00e9ance du 17 novembre<\/p>\n","protected":false},"author":4,"featured_media":227482,"comment_status":"open","ping_status":"open","sticky":false,"template":"","format":"standard","meta":{"footnotes":""},"categories":[1171,1170],"tags":[],"vendi":[],"content_country":[31835,31838,31840],"class_list":["post-519137","post","type-post","status-publish","format-standard","has-post-thumbnail","hentry","category-thematique","category-vivre-en-suisse","content_country-austria-fr","content_country-germany-fr","content_country-zvicer-fr"],"acf":[],"_links":{"self":[{"href":"https:\/\/www.albinfo.at\/fr\/wp-json\/wp\/v2\/posts\/519137","targetHints":{"allow":["GET"]}}],"collection":[{"href":"https:\/\/www.albinfo.at\/fr\/wp-json\/wp\/v2\/posts"}],"about":[{"href":"https:\/\/www.albinfo.at\/fr\/wp-json\/wp\/v2\/types\/post"}],"author":[{"embeddable":true,"href":"https:\/\/www.albinfo.at\/fr\/wp-json\/wp\/v2\/users\/4"}],"replies":[{"embeddable":true,"href":"https:\/\/www.albinfo.at\/fr\/wp-json\/wp\/v2\/comments?post=519137"}],"version-history":[{"count":0,"href":"https:\/\/www.albinfo.at\/fr\/wp-json\/wp\/v2\/posts\/519137\/revisions"}],"wp:featuredmedia":[{"embeddable":true,"href":"https:\/\/www.albinfo.at\/fr\/wp-json\/wp\/v2\/media\/227482"}],"wp:attachment":[{"href":"https:\/\/www.albinfo.at\/fr\/wp-json\/wp\/v2\/media?parent=519137"}],"wp:term":[{"taxonomy":"category","embeddable":true,"href":"https:\/\/www.albinfo.at\/fr\/wp-json\/wp\/v2\/categories?post=519137"},{"taxonomy":"post_tag","embeddable":true,"href":"https:\/\/www.albinfo.at\/fr\/wp-json\/wp\/v2\/tags?post=519137"},{"taxonomy":"vendi","embeddable":true,"href":"https:\/\/www.albinfo.at\/fr\/wp-json\/wp\/v2\/vendi?post=519137"},{"taxonomy":"content_country","embeddable":true,"href":"https:\/\/www.albinfo.at\/fr\/wp-json\/wp\/v2\/content_country?post=519137"}],"curies":[{"name":"wp","href":"https:\/\/api.w.org\/{rel}","templated":true}]}}