{"id":519123,"date":"2021-11-19T13:15:51","date_gmt":"2021-11-19T12:15:51","guid":{"rendered":"https:\/\/www.albinfo.ch\/?p=519123"},"modified":"2021-11-25T12:52:21","modified_gmt":"2021-11-25T11:52:21","slug":"la-suisse-presente-son-rapport-periodique-au-comite-de-lonu-pour-lelimination-de-la-discrimination-raciale","status":"publish","type":"post","link":"https:\/\/www.albinfo.at\/fr\/la-suisse-presente-son-rapport-periodique-au-comite-de-lonu-pour-lelimination-de-la-discrimination-raciale\/","title":{"rendered":"La Suisse pr\u00e9sente son rapport p\u00e9riodique au Comit\u00e9 de l\u2019ONU pour l\u2019\u00e9limination de la discrimination raciale"},"content":{"rendered":"<div class=\"contentHead\"><\/div>\n<div class=\"mod mod-nsbnewsdetails\">\n<p><strong>Les 16 et 17 novembre 2021, le Comit\u00e9 de l\u2019ONU pour l\u2019\u00e9limination de la discrimination raciale a proc\u00e9d\u00e9 \u00e0 l\u2019examen du dernier rapport de la Suisse sur la mise en \u0153uvre de la Convention internationale sur l\u2019\u00e9limination de toutes les formes de discrimination raciale (CIERD). Une d\u00e9l\u00e9gation de la Conf\u00e9d\u00e9ration et des cantons a pr\u00e9sent\u00e9 le rapport \u00e0 Gen\u00e8ve et a r\u00e9pondu aux questions des membres du comit\u00e9 d&#8217;experts.<\/strong><\/p>\n<p>Dans sa pr\u00e9sentation, la d\u00e9l\u00e9gation a soulign\u00e9 les domaines dans lesquels la Suisse a consenti d\u2019importants efforts et enregistr\u00e9 des progr\u00e8s notables depuis 2014. Elle a notamment mis en exergue les programmes d\u2019int\u00e9gration cantonaux qui incluent la protection contre la discrimination. Parmi ceux-ci, un exemple positif de la mise en \u0153uvre des obligations en mati\u00e8re de droits de l\u2019homme dans un syst\u00e8me fond\u00e9 sur la d\u00e9mocratie directe et le f\u00e9d\u00e9ralisme, la cr\u00e9ation de centres de conseil pour les victimes du racisme ou encore l\u2019extension de la norme p\u00e9nale antiraciste \u00e0 la discrimination fond\u00e9e sur l\u2019orientation sexuelle et l\u2019adoption de la loi pour le soutien d\u2019une institution nationale des droits de l\u2019homme (LINDH).<\/p>\n<p>La Suisse \u0153uvre depuis longtemps \u00e0 la construction d\u2019une soci\u00e9t\u00e9 qui aspire au vivre ensemble dans la paix et le respect, au-del\u00e0 de toutes les diff\u00e9rences.<\/p>\n<p><strong>Quel est le contenu du rapport et comment sera-t-il examin\u00e9?<\/strong><br \/>\nLe Conseil f\u00e9d\u00e9ral a approuv\u00e9 en novembre 2018 le rapport de la Suisse sur la mise en \u0153uvre de la Convention internationale sur l\u2019\u00e9limination de toutes les formes de discrimination raciale.<\/p>\n<p>Celui-ci d\u00e9crit les \u00e9volutions juridiques et politiques qui ont eu lieu en Suisse ainsi que l\u2019engagement des autorit\u00e9s \u00e0 tous les niveaux pour lutter contre l\u2019ensemble des formes de racisme et de discrimination depuis la pr\u00e9sentation, en f\u00e9vrier 2014, du pr\u00e9c\u00e9dent rapport.<\/p>\n<p>Le rapport \u00e9num\u00e8re en particulier les mesures d\u2019ordre l\u00e9gislatif, juridique et administratif prises afin d\u2019assurer la mise en pratique effective de la convention. L\u2019examen du rapport se d\u00e9roule dans un climat de dialogue entre le comit\u00e9 d\u2019experts et les \u00c9tats parties. \u00c0 l\u2019issue de la pr\u00e9sentation, le comit\u00e9 d\u2019experts formule par \u00e9crit ses recommandations \u00e0 l\u2019attention de l\u2019\u00c9tat concern\u00e9.<\/p>\n<p><strong>La Suisse a adh\u00e9r\u00e9 \u00e0 la convention en 1994<\/strong><br \/>\nLa Convention internationale de 1965 sur l\u2019\u00e9limination de toutes les formes de discrimination raciale codifie l\u2019interdiction de la discrimination raciale et pr\u00e9voit un certain nombre d\u2019obligations pour la combattre et la pr\u00e9venir. Au 1er octobre 2021, 182 \u00c9tats \u00e9taient parties \u00e0 la convention. La Suisse y a adh\u00e9r\u00e9 en novembre 1994.<\/p>\n<\/div>\n","protected":false},"excerpt":{"rendered":"<p>Une d\u00e9l\u00e9gation de la Conf\u00e9d\u00e9ration et des cantons a pr\u00e9sent\u00e9 le rapport \u00e0 Gen\u00e8ve et a r\u00e9pondu aux questions des membres du comit\u00e9 d&#8217;experts<\/p>\n","protected":false},"author":4,"featured_media":452428,"comment_status":"open","ping_status":"open","sticky":false,"template":"","format":"standard","meta":{"footnotes":""},"categories":[1171,1170],"tags":[],"vendi":[],"content_country":[31835,31838,31840],"class_list":["post-519123","post","type-post","status-publish","format-standard","has-post-thumbnail","hentry","category-thematique","category-vivre-en-suisse","content_country-austria-fr","content_country-germany-fr","content_country-zvicer-fr"],"acf":[],"_links":{"self":[{"href":"https:\/\/www.albinfo.at\/fr\/wp-json\/wp\/v2\/posts\/519123","targetHints":{"allow":["GET"]}}],"collection":[{"href":"https:\/\/www.albinfo.at\/fr\/wp-json\/wp\/v2\/posts"}],"about":[{"href":"https:\/\/www.albinfo.at\/fr\/wp-json\/wp\/v2\/types\/post"}],"author":[{"embeddable":true,"href":"https:\/\/www.albinfo.at\/fr\/wp-json\/wp\/v2\/users\/4"}],"replies":[{"embeddable":true,"href":"https:\/\/www.albinfo.at\/fr\/wp-json\/wp\/v2\/comments?post=519123"}],"version-history":[{"count":0,"href":"https:\/\/www.albinfo.at\/fr\/wp-json\/wp\/v2\/posts\/519123\/revisions"}],"wp:featuredmedia":[{"embeddable":true,"href":"https:\/\/www.albinfo.at\/fr\/wp-json\/wp\/v2\/media\/452428"}],"wp:attachment":[{"href":"https:\/\/www.albinfo.at\/fr\/wp-json\/wp\/v2\/media?parent=519123"}],"wp:term":[{"taxonomy":"category","embeddable":true,"href":"https:\/\/www.albinfo.at\/fr\/wp-json\/wp\/v2\/categories?post=519123"},{"taxonomy":"post_tag","embeddable":true,"href":"https:\/\/www.albinfo.at\/fr\/wp-json\/wp\/v2\/tags?post=519123"},{"taxonomy":"vendi","embeddable":true,"href":"https:\/\/www.albinfo.at\/fr\/wp-json\/wp\/v2\/vendi?post=519123"},{"taxonomy":"content_country","embeddable":true,"href":"https:\/\/www.albinfo.at\/fr\/wp-json\/wp\/v2\/content_country?post=519123"}],"curies":[{"name":"wp","href":"https:\/\/api.w.org\/{rel}","templated":true}]}}